{"id":21094,"date":"2013-11-29T19:18:07","date_gmt":"2013-11-29T22:18:07","guid":{"rendered":"http:\/\/vocesdebaires.com.ar\/wordpress\/index.php\/2013\/11\/29\/renuncia-de-bergman-y-jura-de-christian-bauab\/"},"modified":"2013-11-29T19:18:07","modified_gmt":"2013-11-29T22:18:07","slug":"renuncia-de-bergman-y-jura-de-christian-bauab","status":"publish","type":"post","link":"https:\/\/vocesdebaires.com.ar\/index.php\/2013\/11\/29\/renuncia-de-bergman-y-jura-de-christian-bauab\/","title":{"rendered":"Renuncia de Bergman y jura de Christian Bauab"},"content":{"rendered":"<p>\u00a0<br \/>\n La sesi\u00f3n comenz\u00f3 con la lectura por Secretar\u00eda Parlamentaria de la aceptaci\u00f3n de la renuncia presentada por el diputado Sergio Bergman (PRO) y la toma de juramento a su reemplazante, Christian Federico Bauab. En este sentido, el presidente del bloque PRO, Diputado Fernando de Andreis felicit\u00f3 al legislador saliente por sus funciones desempe\u00f1adas. En tanto, el Diputado Cristian Ritondo (PRO) dio la bienvenida al nuevo integrante electo. &quot;Quiero agradecer las palabras de reconocimiento de cada uno de mis compa\u00f1eros legisladores, no s\u00f3lo de mi espacio sino de todos los que componen el cuerpo legislativo&quot;, expres\u00f3 Bergman.<br \/>\nAceptan renuncia de la Dra. Paula Oliveto Lago<br \/>\nAdem\u00e1s, sobre una resoluci\u00f3n de la Junta de \u00c9tica, se aprob\u00f3 el expediente presentado por la Dra. Paula Oliveto Lago donde eleva su renuncia al cargo que ocupa en la Auditor\u00eda General de la Ciudad Aut\u00f3noma de Buenos Aires a partir del 9 de diciembre del corriente a\u00f1o, a fin de evitar eventuales incompatibilidades con el cargo de Diputada por la cual ha sido electa el 27 de octubre pasado. Se estipul\u00f3 que a los efectos de facilitar la tramitaci\u00f3n de su reemplazo se da un plazo de 48 horas al bloque respectivo para presentar la propuesta.<br \/>\nLa Sesi\u00f3n Ordinaria que tiene como principal asunto tratar el Presupuesto 2014, comenz\u00f3 a las 12.20 horas encabezada por la Presidenta de la Legislatura, Mar\u00eda Eugenia Vidal.<\/p>\n","protected":false},"excerpt":{"rendered":"<p>\u00a0 La sesi\u00f3n comenz\u00f3 con la lectura por Secretar\u00eda Parlamentaria de la aceptaci\u00f3n de la renuncia presentada por el diputado Sergio Bergman (PRO) y la toma de juramento a su reemplazante, Christian Federico Bauab. En este sentido, el presidente del bloque PRO, Diputado Fernando de Andreis felicit\u00f3 al legislador saliente por sus funciones desempe\u00f1adas. En [&hellip;]<\/p>\n","protected":false},"author":2,"featured_media":21095,"comment_status":"open","ping_status":"open","sticky":false,"template":"","format":"standard","meta":{"_et_pb_use_builder":"","_et_pb_old_content":"","_et_gb_content_width":"","footnotes":""},"categories":[11,33],"tags":[],"class_list":["post-21094","post","type-post","status-publish","format-standard","has-post-thumbnail","hentry","category-ciudad","category-sociedad-y-cultura-2"],"_links":{"self":[{"href":"https:\/\/vocesdebaires.com.ar\/index.php\/wp-json\/wp\/v2\/posts\/21094"}],"collection":[{"href":"https:\/\/vocesdebaires.com.ar\/index.php\/wp-json\/wp\/v2\/posts"}],"about":[{"href":"https:\/\/vocesdebaires.com.ar\/index.php\/wp-json\/wp\/v2\/types\/post"}],"author":[{"embeddable":true,"href":"https:\/\/vocesdebaires.com.ar\/index.php\/wp-json\/wp\/v2\/users\/2"}],"replies":[{"embeddable":true,"href":"https:\/\/vocesdebaires.com.ar\/index.php\/wp-json\/wp\/v2\/comments?post=21094"}],"version-history":[{"count":0,"href":"https:\/\/vocesdebaires.com.ar\/index.php\/wp-json\/wp\/v2\/posts\/21094\/revisions"}],"wp:featuredmedia":[{"embeddable":true,"href":"https:\/\/vocesdebaires.com.ar\/index.php\/wp-json\/wp\/v2\/media\/21095"}],"wp:attachment":[{"href":"https:\/\/vocesdebaires.com.ar\/index.php\/wp-json\/wp\/v2\/media?parent=21094"}],"wp:term":[{"taxonomy":"category","embeddable":true,"href":"https:\/\/vocesdebaires.com.ar\/index.php\/wp-json\/wp\/v2\/categories?post=21094"},{"taxonomy":"post_tag","embeddable":true,"href":"https:\/\/vocesdebaires.com.ar\/index.php\/wp-json\/wp\/v2\/tags?post=21094"}],"curies":[{"name":"wp","href":"https:\/\/api.w.org\/{rel}","templated":true}]}}