{"id":21096,"date":"2013-11-29T19:22:47","date_gmt":"2013-11-29T22:22:47","guid":{"rendered":"http:\/\/vocesdebaires.com.ar\/wordpress\/index.php\/2013\/11\/29\/prorrogan-la-emergencia-del-subte\/"},"modified":"2013-11-29T19:22:47","modified_gmt":"2013-11-29T22:22:47","slug":"prorrogan-la-emergencia-del-subte","status":"publish","type":"post","link":"https:\/\/vocesdebaires.com.ar\/index.php\/2013\/11\/29\/prorrogan-la-emergencia-del-subte\/","title":{"rendered":"Prorrogan la emergencia del SUBTE"},"content":{"rendered":"<p>\u00a0<br \/>\n Tambi\u00e9n se aprob\u00f3 una iniciativa del Jefe de Gobierno que modifica a la Ley N\u00ba 4472 \u2013Regulaci\u00f3n y reestructuraci\u00f3n del sistema de transporte ferroviario de pasajeros de superficie y subterr\u00e1neo de la CABA en el art\u00edculo 6\u00ba. La norma tiene por finalidad declarar en emergencia, por el t\u00e9rmino de 4 a\u00f1os, la prestaci\u00f3n del servicio SUBTE, facultando, sin perjuicio de ello, al Poder Ejecutivo, a prorrogarla por el t\u00e9rmino de un 1 a\u00f1o, teniendo en cuenta el resultado de la auditor\u00eda dispuesta en el art\u00edculo 7\u00b0 de la ley precitada.  &quot;La modificaci\u00f3n del plazo de emergencia propiciado es concordante con las conclusiones del Informe de Auditor\u00eda General Operativa solicitado por SBASE, el cual demostr\u00f3 la necesidad de llevar adelante un programa de inversiones y trabajos de emergencia que apunten a la recuperaci\u00f3n de la infraestructura del Subterr\u00e1neo y Premetro para alcanzar los niveles de seguridad operativa necesarios que redunden as\u00ed en una mejor calidad del servicio para los usuarios&quot;, sostienen los fundamentos del proyecto.<br \/>\n El despacho de la Comisi\u00f3n parlamentaria de Obras y Servicios P\u00fablicos obtuvo 52 votos afirmativos. Votaron negativamente los bloques Proyecto Sur, Coalici\u00f3n C\u00edvica, Alejandro Bodart (MST) y Gabriela Cerruti (NE). Se abstuvieron el Frente para la Victoria y Sindical Peronista.<br \/>\nObras de infraestructura mediante la asociaci\u00f3n p\u00fablico-privada<br \/>\nEl Cuerpo parlamentario sancion\u00f3 una ley con despacho de las Comisiones de Obras y Servicios P\u00fablicos y de Presupuesto, de autor\u00eda del Consejo de Planeamiento Estrat\u00e9gico, vinculado al marco normativo para el desarrollo y ejecuci\u00f3n de obras de infraestructura mediante la asociaci\u00f3n p\u00fablico-privada.<br \/>\n&quot;El desarrollo de proyectos de asociaci\u00f3n p\u00fablico-privada puede colaborar con el Gobierno de la Ciudad Aut\u00f3noma de Buenos Aires al transferir los riesgos inherentes a los proyectos que pueden ser atendidos por el sector privado de manera m\u00e1s eficiente, mejorando la planificaci\u00f3n integral de la inversi\u00f3n y disminuyendo la presi\u00f3n presupuestaria p\u00fablica requerida para el desarrollo de proyectos de mediano y largo plazo&quot;, destacan los fundamentos.<br \/>\nLa votaci\u00f3n result\u00f3 de 52 votos positivos; por la negativa lo hicieron los bloques frente para la Victoria, Proyecto Sur, Coalici\u00f3n C\u00edvica, Sindical Peronista, Alejandro Bodart (MST) y Gabriela Cerruti (NE) y se abstuvo Mar\u00eda Am\u00e9rica Gonz\u00e1lez (BApT).<br \/>\nProtecci\u00f3n a inmuebles<br \/>\nA trav\u00e9s del Expediente N\u00ba 1792-J-2012 de autor\u00eda del Jefe de Gobierno, se catalog\u00f3 con nivel de protecci\u00f3n un conjunto de inmuebles pertenecientes a la corriente Pintoresquista de influencia Inglesa, Vernacular y Neo Tudor. La ley fue aprobada en segunda lectura y protege los siguientes inmuebles:<br \/>\nAg\u00fcero N\u00ba 2071\/75\/79; Ag\u00fcero N\u00b0 2163\/71; Anasagasti N\u00b0 2013\/11; Anasagasti N\u00ba 2067; Ayacucho N\u00ba 1007; French N\u00ba 2690\/92; French N\u00ba 2810\/12; French N\u00b0 3106\/12; Laprida N\u00ba 1821\/25\/27; Scalabrini Ortiz N\u00ba 2760; Av. Santa Fe N\u00ba 3860\/66\/70; Segui N\u00ba 4420; Bonpland N\u00ba 1785; Jorge Newbery N\u00ba 2662\/66\/68; 3 de Febrero N\u00ba 801; Vuelta de Obligado N\u00ba 1118; Ciudad de la Paz N\u00ba 827; Amenabar N\u00ba 590\/88; Amenabar N\u00ba 574; 11 de Septiembre N\u00ba 1442\/44; Arcos N\u00ba 1459\/57; Moldes N\u00ba 1751\/49; Moldes N\u00ba 1757; Moldes N\u00ba 1781; Vuelta de Obligado N\u00ba 2264; E. Costa N\u00ba 3046; E. Costa N\u00ba 3055; 14 de Julio N\u00ba 1691; Virrey del Pino N\u00ba 3614\/28; Virrey del Pino N\u00ba 3663\/5; Forest N\u00ba 1702; Forest N\u00ba \u00a01716; Forest N\u00ba 1730; Forest N\u00ba 1763; La Pampa N\u00ba 3757; Super\u00ed N\u00ba 1758\/56; Sucre N\u00ba 3435; Conesa N&amp; ordm; 1983; Nueva York N\u00ba 3667; Nueva York N\u00ba 3830; Juan B. Alberdi N\u00ba 1970; Artigas N\u00ba 321\/19; Felipe Vallese N\u00ba 2625; Felipe Vallese N\u00ba 2641; F. Cayetano Rodriguez N\u00ba 802\/04; Av. Rivadavia N\u00ba \u00a05250\/2\/4\/6; Av. Rivadavia N\u00ba 2026\/30; Esparza N\u00ba 93.<br \/>\nTambi\u00e9n en segunda lectura y por iniciativa del Jefe de Gobierno se realiz\u00f3 el cambio de zonificaci\u00f3n de dos inmuebles, con el objeto de regularizar la situaci\u00f3n dominial de los conjuntos de vivienda realizados por la Corporaci\u00f3n Buenos Aires Sur S.E. Uno de los predios se localiza en la Parcela 1, \u00a0Manzana 7F, Secci\u00f3n 50, Circunscripci\u00f3n 1, y fue afectado a v\u00eda p\u00fablica la traza de 17.32 metros de ancho, paralelo a la Avenida Riestra y calle sin nombre. El otro conjunto de viviendas ya materializado que fue regularizado, est\u00e1 localizado en la Parcela 1b, Manzana 58B, Secci\u00f3n 58, Circunscripci\u00f3n 1 para lo cual fue necesario la desafectaci\u00f3n del ensanche de la Avenida Francisco Fern\u00e1ndez de la Cruz, en el tramo comprendido entre las calles Mart\u00ednez Castro y Lacarra.<\/p>\n","protected":false},"excerpt":{"rendered":"<p>\u00a0 Tambi\u00e9n se aprob\u00f3 una iniciativa del Jefe de Gobierno que modifica a la Ley N\u00ba 4472 \u2013Regulaci\u00f3n y reestructuraci\u00f3n del sistema de transporte ferroviario de pasajeros de superficie y subterr\u00e1neo de la CABA en el art\u00edculo 6\u00ba. La norma tiene por finalidad declarar en emergencia, por el t\u00e9rmino de 4 a\u00f1os, la prestaci\u00f3n del [&hellip;]<\/p>\n","protected":false},"author":2,"featured_media":17655,"comment_status":"open","ping_status":"open","sticky":false,"template":"","format":"standard","meta":{"_et_pb_use_builder":"","_et_pb_old_content":"","_et_gb_content_width":"","footnotes":""},"categories":[11,44],"tags":[],"class_list":["post-21096","post","type-post","status-publish","format-standard","has-post-thumbnail","hentry","category-ciudad","category-funcionarios-de-la-caba"],"_links":{"self":[{"href":"https:\/\/vocesdebaires.com.ar\/index.php\/wp-json\/wp\/v2\/posts\/21096"}],"collection":[{"href":"https:\/\/vocesdebaires.com.ar\/index.php\/wp-json\/wp\/v2\/posts"}],"about":[{"href":"https:\/\/vocesdebaires.com.ar\/index.php\/wp-json\/wp\/v2\/types\/post"}],"author":[{"embeddable":true,"href":"https:\/\/vocesdebaires.com.ar\/index.php\/wp-json\/wp\/v2\/users\/2"}],"replies":[{"embeddable":true,"href":"https:\/\/vocesdebaires.com.ar\/index.php\/wp-json\/wp\/v2\/comments?post=21096"}],"version-history":[{"count":0,"href":"https:\/\/vocesdebaires.com.ar\/index.php\/wp-json\/wp\/v2\/posts\/21096\/revisions"}],"wp:featuredmedia":[{"embeddable":true,"href":"https:\/\/vocesdebaires.com.ar\/index.php\/wp-json\/wp\/v2\/media\/17655"}],"wp:attachment":[{"href":"https:\/\/vocesdebaires.com.ar\/index.php\/wp-json\/wp\/v2\/media?parent=21096"}],"wp:term":[{"taxonomy":"category","embeddable":true,"href":"https:\/\/vocesdebaires.com.ar\/index.php\/wp-json\/wp\/v2\/categories?post=21096"},{"taxonomy":"post_tag","embeddable":true,"href":"https:\/\/vocesdebaires.com.ar\/index.php\/wp-json\/wp\/v2\/tags?post=21096"}],"curies":[{"name":"wp","href":"https:\/\/api.w.org\/{rel}","templated":true}]}}