{"id":21107,"date":"2013-11-30T21:38:42","date_gmt":"2013-12-01T00:38:42","guid":{"rendered":"http:\/\/vocesdebaires.com.ar\/wordpress\/index.php\/2013\/11\/30\/homenajearon-a-la-fundacion-mas-paz-menos-sida\/"},"modified":"2013-11-30T21:38:42","modified_gmt":"2013-12-01T00:38:42","slug":"homenajearon-a-la-fundacion-mas-paz-menos-sida","status":"publish","type":"post","link":"https:\/\/vocesdebaires.com.ar\/index.php\/2013\/11\/30\/homenajearon-a-la-fundacion-mas-paz-menos-sida\/","title":{"rendered":"Homenajearon a la Fundaci\u00f3n M\u00e1s Paz Menos SIDA"},"content":{"rendered":"<p>\u00a0<br \/>\n El vicepresidente 1\u00b0 de la Legislatura de la Ciudad Aut\u00f3noma de Buenos Aires, Cristian Ritondo, presidi\u00f3 junto a la legisladora PRO, Lidia Saya, el acto en el que se homenaje\u00f3 a la Fundaci\u00f3n M\u00e1s Paz Menos SIDA y a su presidenta, Patricia P\u00e9rez, quien ser\u00e1 postulada para el Premio Nobel de la Paz 2014. &quot;M\u00e1s Paz Menos SIDA nuclea a personas que trabajan en la concientizaci\u00f3n de la prevenci\u00f3n del VIH\/SIDA desde una perspectiva amplia y constructiva que incluye la PAZ como elemento clave en la prevenci\u00f3n del VIH\/SIDA en todo el mundo&quot;, explic\u00f3 Ritondo.<br \/>\nY agreg\u00f3 &quot;Patricia es una persona digna de reconocimiento y respeto por este incansable trabajo social en pos de una sociedad que todos so\u00f1amos: justa, pac\u00edfica, inclusiva que pueda entender que los desaf\u00edos que nos impuso la pandemia del sida se trabajan desde un lugar de respeto, educaci\u00f3n y concientizaci\u00f3n social y pol\u00edtica&quot;. Adem\u00e1s, el vicepresidente 1\u00b0 de la Legislatura inform\u00f3 a P\u00e9rez que, junto con la senadora electa Gabriela Michetti firmar\u00e1n su postulaci\u00f3n a Premio Nobel de la Paz 2014.<br \/>\nPor su parte, Patricia explic\u00f3 que &quot;la Paz no es s\u00f3lo ausencia de guerra, sino plenitud de todos los valores que exaltan la condici\u00f3n humana y que contribuyen a la realizaci\u00f3n y felicidad de todos los hombres y mujeres. La Fundaci\u00f3n M\u00e1s Paz Menos SIDA Por \u00faltimo, Saya resalt\u00f3 &quot;la importancia de poner en la agenda pol\u00edtica la problem\u00e1tica del SIDA a trav\u00e9s de iniciativas que concienticen sobre los tratamientos y la prevenci\u00f3n&quot;. Participaron del acto la diputada nacional, Silvia Majdalani; los legisladores del PRO, L\u00eda Rueda, Mart\u00edn Ocampo y Oscar Zago; y la subsecretaria de Inclusi\u00f3n Escolar y Coordinaci\u00f3n Pedag\u00f3gica del Ministerio de Educaci\u00f3n del Gobierno de la Ciudad Aut\u00f3noma de Buenos Aires, Ana Mar\u00eda Ravaglia.<\/p>\n","protected":false},"excerpt":{"rendered":"<p>\u00a0 El vicepresidente 1\u00b0 de la Legislatura de la Ciudad Aut\u00f3noma de Buenos Aires, Cristian Ritondo, presidi\u00f3 junto a la legisladora PRO, Lidia Saya, el acto en el que se homenaje\u00f3 a la Fundaci\u00f3n M\u00e1s Paz Menos SIDA y a su presidenta, Patricia P\u00e9rez, quien ser\u00e1 postulada para el Premio Nobel de la Paz 2014. [&hellip;]<\/p>\n","protected":false},"author":2,"featured_media":21108,"comment_status":"open","ping_status":"open","sticky":false,"template":"","format":"standard","meta":{"_et_pb_use_builder":"","_et_pb_old_content":"","_et_gb_content_width":"","footnotes":""},"categories":[11,44],"tags":[],"class_list":["post-21107","post","type-post","status-publish","format-standard","has-post-thumbnail","hentry","category-ciudad","category-funcionarios-de-la-caba"],"_links":{"self":[{"href":"https:\/\/vocesdebaires.com.ar\/index.php\/wp-json\/wp\/v2\/posts\/21107"}],"collection":[{"href":"https:\/\/vocesdebaires.com.ar\/index.php\/wp-json\/wp\/v2\/posts"}],"about":[{"href":"https:\/\/vocesdebaires.com.ar\/index.php\/wp-json\/wp\/v2\/types\/post"}],"author":[{"embeddable":true,"href":"https:\/\/vocesdebaires.com.ar\/index.php\/wp-json\/wp\/v2\/users\/2"}],"replies":[{"embeddable":true,"href":"https:\/\/vocesdebaires.com.ar\/index.php\/wp-json\/wp\/v2\/comments?post=21107"}],"version-history":[{"count":0,"href":"https:\/\/vocesdebaires.com.ar\/index.php\/wp-json\/wp\/v2\/posts\/21107\/revisions"}],"wp:featuredmedia":[{"embeddable":true,"href":"https:\/\/vocesdebaires.com.ar\/index.php\/wp-json\/wp\/v2\/media\/21108"}],"wp:attachment":[{"href":"https:\/\/vocesdebaires.com.ar\/index.php\/wp-json\/wp\/v2\/media?parent=21107"}],"wp:term":[{"taxonomy":"category","embeddable":true,"href":"https:\/\/vocesdebaires.com.ar\/index.php\/wp-json\/wp\/v2\/categories?post=21107"},{"taxonomy":"post_tag","embeddable":true,"href":"https:\/\/vocesdebaires.com.ar\/index.php\/wp-json\/wp\/v2\/tags?post=21107"}],"curies":[{"name":"wp","href":"https:\/\/api.w.org\/{rel}","templated":true}]}}