{"id":21109,"date":"2013-11-30T21:50:31","date_gmt":"2013-12-01T00:50:31","guid":{"rendered":"http:\/\/vocesdebaires.com.ar\/wordpress\/index.php\/2013\/11\/30\/presidente-del-directorio-del-banco-de-la-ciudad\/"},"modified":"2013-11-30T21:50:31","modified_gmt":"2013-12-01T00:50:31","slug":"presidente-del-directorio-del-banco-de-la-ciudad","status":"publish","type":"post","link":"https:\/\/vocesdebaires.com.ar\/index.php\/2013\/11\/30\/presidente-del-directorio-del-banco-de-la-ciudad\/","title":{"rendered":"Presidente del Directorio del Banco de la Ciudad"},"content":{"rendered":"<p>\u00a0<br \/>\n Se realiz\u00f3 la Audiencia P\u00fablica donde se puso en consideraci\u00f3n la idoneidad y las impugnaciones respecto del pliego de acuerdo del candidato a Presidente del Directorio del Banco de la Ciudad de Buenos Aires, Diputado Rogelio Frigerio (PRO), quien fue propuesto por el Jefe de Gobierno de la Ciudad Aut\u00f3noma de Buenos Aires, Mauricio Macri. El postulante present\u00f3 sus antecedentes y algunas propuestas para su gesti\u00f3n frente al Banco Ciudad referidas a los recursos humanos y a aumentar la sinergia con el Gobierno de la Ciudad, entre otras.  Los Diputados\/as Dante Gullo, Alejandro Amor (FpV), Francisco Quintana, Karina Spalla, Daniel Presti, Carmen Polledo, Alejandro Garc\u00eda, Lidia Saya, L\u00eda Rueda, Mart\u00edn Ocampo, Oscar Zago (PRO), Claudio Presman (UCR), Fernando S\u00e1nchez (CC), Juan Pablo Arenaza (BpU), Julio Raffo (PSur) y Edgardo Form (NE) conformaron la mesa principal del Sal\u00f3n Dorado.<br \/>\n Rogelio Frigerio es licenciado en econom\u00eda por la Universidad de Buenos Aires, especializado en Planificaci\u00f3n y Desarrollo Econ\u00f3mico. Fue profesor de grado y posgrado en la UBA, en la Universidad del Salvador, en la Universidad Carlos III de Madrid, en la Universidad Cat\u00f3lica Argentina y en la Universidad de Ciencias Empresariales y Sociales (UCES). En el sector p\u00fablico fue representante argentino ante el Banco Centroamericano de Integraci\u00f3n Econ\u00f3mica, ante el BID (Banco Interamericano de Desarrollo), del Banco Mundial y el Fondo Monetario Internacional y de la Rep\u00fablica Argentina en el Grupo de Alto Nivel de Coordinaci\u00f3n de Pol\u00edticas Macroecon\u00f3micas del MERCOSUR. Es presidente de FEDERAR (Fundaci\u00f3n de Estudios para el Desarrollo Econ\u00f3mico y Regional de la Argentina). Fue consultor de el Banco Mundial, el FMI (Fondo Monetario Internacional) y BID (Banco Interamericano de Desarrollo), entre otros.<\/p>\n","protected":false},"excerpt":{"rendered":"<p>\u00a0 Se realiz\u00f3 la Audiencia P\u00fablica donde se puso en consideraci\u00f3n la idoneidad y las impugnaciones respecto del pliego de acuerdo del candidato a Presidente del Directorio del Banco de la Ciudad de Buenos Aires, Diputado Rogelio Frigerio (PRO), quien fue propuesto por el Jefe de Gobierno de la Ciudad Aut\u00f3noma de Buenos Aires, Mauricio [&hellip;]<\/p>\n","protected":false},"author":2,"featured_media":21110,"comment_status":"open","ping_status":"open","sticky":false,"template":"","format":"standard","meta":{"_et_pb_use_builder":"","_et_pb_old_content":"","_et_gb_content_width":"","footnotes":""},"categories":[11,44],"tags":[],"class_list":["post-21109","post","type-post","status-publish","format-standard","has-post-thumbnail","hentry","category-ciudad","category-funcionarios-de-la-caba"],"_links":{"self":[{"href":"https:\/\/vocesdebaires.com.ar\/index.php\/wp-json\/wp\/v2\/posts\/21109"}],"collection":[{"href":"https:\/\/vocesdebaires.com.ar\/index.php\/wp-json\/wp\/v2\/posts"}],"about":[{"href":"https:\/\/vocesdebaires.com.ar\/index.php\/wp-json\/wp\/v2\/types\/post"}],"author":[{"embeddable":true,"href":"https:\/\/vocesdebaires.com.ar\/index.php\/wp-json\/wp\/v2\/users\/2"}],"replies":[{"embeddable":true,"href":"https:\/\/vocesdebaires.com.ar\/index.php\/wp-json\/wp\/v2\/comments?post=21109"}],"version-history":[{"count":0,"href":"https:\/\/vocesdebaires.com.ar\/index.php\/wp-json\/wp\/v2\/posts\/21109\/revisions"}],"wp:featuredmedia":[{"embeddable":true,"href":"https:\/\/vocesdebaires.com.ar\/index.php\/wp-json\/wp\/v2\/media\/21110"}],"wp:attachment":[{"href":"https:\/\/vocesdebaires.com.ar\/index.php\/wp-json\/wp\/v2\/media?parent=21109"}],"wp:term":[{"taxonomy":"category","embeddable":true,"href":"https:\/\/vocesdebaires.com.ar\/index.php\/wp-json\/wp\/v2\/categories?post=21109"},{"taxonomy":"post_tag","embeddable":true,"href":"https:\/\/vocesdebaires.com.ar\/index.php\/wp-json\/wp\/v2\/tags?post=21109"}],"curies":[{"name":"wp","href":"https:\/\/api.w.org\/{rel}","templated":true}]}}