{"id":21117,"date":"2013-12-02T14:19:54","date_gmt":"2013-12-02T17:19:54","guid":{"rendered":"http:\/\/vocesdebaires.com.ar\/wordpress\/index.php\/2013\/12\/02\/macri-asistio-al-lanzamiento-del-portal-chau-tabu\/"},"modified":"2013-12-02T14:19:54","modified_gmt":"2013-12-02T17:19:54","slug":"macri-asistio-al-lanzamiento-del-portal-chau-tabu","status":"publish","type":"post","link":"https:\/\/vocesdebaires.com.ar\/index.php\/2013\/12\/02\/macri-asistio-al-lanzamiento-del-portal-chau-tabu\/","title":{"rendered":"Macri asisti\u00f3 al lanzamiento del portal Chau Tab\u00fa"},"content":{"rendered":"<p>\u00a0<br \/>\n El jefe de Gobierno porte\u00f1o Mauricio Macri asisti\u00f3 el fin de semana al lanzamiento de #ChauTab\u00fa, una plataforma de Internet sobre salud sexual y reproductiva para difundir informaci\u00f3n que ayude a los j\u00f3venes a disfrutar de su sexualidad de forma segura y responsable. La puesta en marcha del portal se hizo en una jornada organizada en el Planetario de Palermo que tuvo como cierre un show musical de acceso libre y gratuito a cargo de la popular banda de cumbia pop Agapornis.<br \/>\n Durante la jornada los j\u00f3venes tuvieron la posibilidad de informarse sobre distintos temas relacionados con la salud sexual y reproductiva a trav\u00e9s de charlas, cine debate y consejer\u00edas m\u00f3viles con profesionales que respondieron preguntas.  Adem\u00e1s, fue presentado un mural colectivo liderado por la ilustradora Power Paola. Macri, quien salud\u00f3 a los integrantes del grupo Agapornis momentos antes de que iniciaran su show, estuvo acompa\u00f1ado por la vicejefe de Gobierno Mar\u00eda Eugenia Vidal.<br \/>\n La web brinda a los j\u00f3venes informaci\u00f3n sobre salud y sexualidad con contenidos que abarcar\u00e1n desde c\u00f3mo cuidarse para evitar enfermedades de transmisi\u00f3n sexual y VIH, hasta derechos sexuales y reproductivos. Esta iniciativa del Gobierno de la Ciudad es promovida por la Direcci\u00f3n General de Pol\u00edticas para la Juventud y cuenta con el acompa\u00f1amiento de las fundaciones Hu\u00e9sped, FUNDALAM, FALGBT y FUNDAMIND.<br \/>\n Fotos: M\u00f3nica Mart\u00ednez\/GCBA.<\/p>\n","protected":false},"excerpt":{"rendered":"<p>\u00a0 El jefe de Gobierno porte\u00f1o Mauricio Macri asisti\u00f3 el fin de semana al lanzamiento de #ChauTab\u00fa, una plataforma de Internet sobre salud sexual y reproductiva para difundir informaci\u00f3n que ayude a los j\u00f3venes a disfrutar de su sexualidad de forma segura y responsable. La puesta en marcha del portal se hizo en una jornada [&hellip;]<\/p>\n","protected":false},"author":2,"featured_media":21118,"comment_status":"open","ping_status":"open","sticky":false,"template":"","format":"standard","meta":{"_et_pb_use_builder":"","_et_pb_old_content":"","_et_gb_content_width":"","footnotes":""},"categories":[11,44],"tags":[],"class_list":["post-21117","post","type-post","status-publish","format-standard","has-post-thumbnail","hentry","category-ciudad","category-funcionarios-de-la-caba"],"_links":{"self":[{"href":"https:\/\/vocesdebaires.com.ar\/index.php\/wp-json\/wp\/v2\/posts\/21117"}],"collection":[{"href":"https:\/\/vocesdebaires.com.ar\/index.php\/wp-json\/wp\/v2\/posts"}],"about":[{"href":"https:\/\/vocesdebaires.com.ar\/index.php\/wp-json\/wp\/v2\/types\/post"}],"author":[{"embeddable":true,"href":"https:\/\/vocesdebaires.com.ar\/index.php\/wp-json\/wp\/v2\/users\/2"}],"replies":[{"embeddable":true,"href":"https:\/\/vocesdebaires.com.ar\/index.php\/wp-json\/wp\/v2\/comments?post=21117"}],"version-history":[{"count":0,"href":"https:\/\/vocesdebaires.com.ar\/index.php\/wp-json\/wp\/v2\/posts\/21117\/revisions"}],"wp:featuredmedia":[{"embeddable":true,"href":"https:\/\/vocesdebaires.com.ar\/index.php\/wp-json\/wp\/v2\/media\/21118"}],"wp:attachment":[{"href":"https:\/\/vocesdebaires.com.ar\/index.php\/wp-json\/wp\/v2\/media?parent=21117"}],"wp:term":[{"taxonomy":"category","embeddable":true,"href":"https:\/\/vocesdebaires.com.ar\/index.php\/wp-json\/wp\/v2\/categories?post=21117"},{"taxonomy":"post_tag","embeddable":true,"href":"https:\/\/vocesdebaires.com.ar\/index.php\/wp-json\/wp\/v2\/tags?post=21117"}],"curies":[{"name":"wp","href":"https:\/\/api.w.org\/{rel}","templated":true}]}}