{"id":21119,"date":"2013-12-02T14:23:35","date_gmt":"2013-12-02T17:23:35","guid":{"rendered":"http:\/\/vocesdebaires.com.ar\/wordpress\/index.php\/2013\/12\/02\/el-cantautor-axel-personalidad-destacada\/"},"modified":"2013-12-02T14:23:35","modified_gmt":"2013-12-02T17:23:35","slug":"el-cantautor-axel-personalidad-destacada","status":"publish","type":"post","link":"https:\/\/vocesdebaires.com.ar\/index.php\/2013\/12\/02\/el-cantautor-axel-personalidad-destacada\/","title":{"rendered":"El cantautor Axel, Personalidad Destacada"},"content":{"rendered":"<p>\u00a0<br \/>\n La distinci\u00f3n del cantante y compositor argentino Axel Patricio Fernando Witteveen Pardo, conocido como &quot;Axel&quot;, fue aprobada durante la sesi\u00f3n del 3 de octubre por el Cuerpo parlamentario. La iniciativa fue presentada por la Diputada Montes, quien dijo sobre el homenajeado: &quot;Transmite valores, amor y solidaridad, que es lo principal que tiene que tener un artista&quot;.  Por su parte, la Diputada Lia Rueda, que preside la comisi\u00f3n de Cultura de la Legislatura afirm\u00f3: &quot;Axel es un chico extraordinario y muy sencillo. Es un ejemplo de persona que realiza actos de solidaridad maravillosos&quot;. &quot;De chico tuve un sue\u00f1o que era poder hacer m\u00fasica y a trav\u00e9s de ese sue\u00f1o pude conocerme mejor. Las canciones ayudan a la gente a poder expresar un sentimiento y logran cambiar mi mundo personal&quot;, expres\u00f3 Axel. Adem\u00e1s, emocionado dijo que &quot;somos muchos los que queremos un mundo m\u00e1s pac\u00edfico&quot; y finaliz\u00f3 resaltando que &quot;el amor es un creador de milagros y una de las energ\u00edas m\u00e1s poderosas&quot;.<br \/>\n Adem\u00e1s de haber participado como jurado en distintos paneles, Axel comenz\u00f3 a trabajar con la Fundaci\u00f3n PUPI, Sur Solidario y la Fundaci\u00f3n Cecilia Baccigalupo, entre otras, aportando su colaboraci\u00f3n y tratando de concientizar al p\u00fablico en la importancia de la solidaridad. Tambi\u00e9n, Axel fue convocado por los colaboradores del Papa Francisco para participar de un acontecimiento hist\u00f3rico que se realiz\u00f3 en las puertas de la Catedral, con motivo de la vigilia en la Plaza de Mayo para esperar la ceremonia de asunci\u00f3n en el Vaticano del Pont\u00edfice Argentino. El acto finaliz\u00f3 con el tema &quot;Celebra la vida&quot;, cantado por Axel, para la emoci\u00f3n de los fans que se presentaron y colmaron el Sal\u00f3n San Mart\u00edn.<br \/>\n Su trayectoria<br \/>\n En 1999 lanza su primer disco bajo el nombre de &quot;La clave para conquistarte&quot;, con temas como &quot;La clave para conquistarte&quot;, &quot;Mamma m\u00eda&quot;, &quot;Te equivocas&quot;, y &quot;Amada mia&quot;. En 2001 regresa a los estudios de grabaci\u00f3n con su disco &quot;Mi forma de amar&quot;, con &quot;Agua salada&quot; y &quot;Mi fuerza eres t\u00fa&quot; como temas de difusi\u00f3n. Adem\u00e1s, en 2003 lanza una nueva producci\u00f3n discogr\u00e1fica bajo el nombre de &quot;Amo&quot;, que lleg\u00f3 a los primeros puestos en las radios de Argentina y Am\u00e9rica Latina. Un a\u00f1o m\u00e1s tarde lanza &quot;De punta a punta: Lo mejor de Axel&quot;, CD que incluye los mejores temas de su carrera.<br \/>\n En 2005, edita un nuevo material bajo el nombre &quot;Hoy&quot;. Los trece temas que integran la placa son de su autor\u00eda y entre las que se destacan &quot;Tu amor por siempre&quot;, &quot;Qu\u00e9 est\u00e1s buscando&quot;, &quot;Si va a ser&#8230; ser\u00e1&quot; y &quot;Miradas&quot;. Este \u00e1lbum fue presentado en m\u00e1s de 200 conciertos y provoc\u00f3 que la discogr\u00e1fica lo reedite en una Edici\u00f3n Especial en formato CD+DVD. Esta producci\u00f3n contiene el disco en su totalidad, m\u00e1s temas extra en vivo extra\u00eddos de sus conciertos en el Teatro Gran Rex, y un DVD con sus clips, videos en directo y un especial de c\u00f3mo se grab\u00f3. &quot;Universo&quot;, es otro de sus discos, que fue lanzado en 2008 y cuenta con 13 canciones de su autor\u00eda. En \u00a0junio del 2010 Axel realiza \u00a0su primer DVD nombrado &quot;Amor Por Siempre&quot; que contiene im\u00e1genes de los recitales realizados el 25 de enero de 2009 el el Paseo Hermitage de Mar del Plata donde asistieron m\u00e1s de 150 mil personas y el recital realizado el 14 de febrero de ese mismo a\u00f1o, donde hubo una convocatoria de m\u00e1s de 100 mil personas.<br \/>\n Foto: (de izq a der) La Diputada Adriana Montes, Axel y la Diputada Lia Rueda<\/p>\n","protected":false},"excerpt":{"rendered":"<p>\u00a0 La distinci\u00f3n del cantante y compositor argentino Axel Patricio Fernando Witteveen Pardo, conocido como &quot;Axel&quot;, fue aprobada durante la sesi\u00f3n del 3 de octubre por el Cuerpo parlamentario. La iniciativa fue presentada por la Diputada Montes, quien dijo sobre el homenajeado: &quot;Transmite valores, amor y solidaridad, que es lo principal que tiene que tener [&hellip;]<\/p>\n","protected":false},"author":2,"featured_media":21120,"comment_status":"open","ping_status":"open","sticky":false,"template":"","format":"standard","meta":{"_et_pb_use_builder":"","_et_pb_old_content":"","_et_gb_content_width":"","footnotes":""},"categories":[11,44],"tags":[],"class_list":["post-21119","post","type-post","status-publish","format-standard","has-post-thumbnail","hentry","category-ciudad","category-funcionarios-de-la-caba"],"_links":{"self":[{"href":"https:\/\/vocesdebaires.com.ar\/index.php\/wp-json\/wp\/v2\/posts\/21119"}],"collection":[{"href":"https:\/\/vocesdebaires.com.ar\/index.php\/wp-json\/wp\/v2\/posts"}],"about":[{"href":"https:\/\/vocesdebaires.com.ar\/index.php\/wp-json\/wp\/v2\/types\/post"}],"author":[{"embeddable":true,"href":"https:\/\/vocesdebaires.com.ar\/index.php\/wp-json\/wp\/v2\/users\/2"}],"replies":[{"embeddable":true,"href":"https:\/\/vocesdebaires.com.ar\/index.php\/wp-json\/wp\/v2\/comments?post=21119"}],"version-history":[{"count":0,"href":"https:\/\/vocesdebaires.com.ar\/index.php\/wp-json\/wp\/v2\/posts\/21119\/revisions"}],"wp:featuredmedia":[{"embeddable":true,"href":"https:\/\/vocesdebaires.com.ar\/index.php\/wp-json\/wp\/v2\/media\/21120"}],"wp:attachment":[{"href":"https:\/\/vocesdebaires.com.ar\/index.php\/wp-json\/wp\/v2\/media?parent=21119"}],"wp:term":[{"taxonomy":"category","embeddable":true,"href":"https:\/\/vocesdebaires.com.ar\/index.php\/wp-json\/wp\/v2\/categories?post=21119"},{"taxonomy":"post_tag","embeddable":true,"href":"https:\/\/vocesdebaires.com.ar\/index.php\/wp-json\/wp\/v2\/tags?post=21119"}],"curies":[{"name":"wp","href":"https:\/\/api.w.org\/{rel}","templated":true}]}}