{"id":21121,"date":"2013-12-04T01:15:11","date_gmt":"2013-12-04T04:15:11","guid":{"rendered":"http:\/\/vocesdebaires.com.ar\/wordpress\/index.php\/2013\/12\/04\/parlamentarios-2013-ritondo-recibio-la-distincion-principal\/"},"modified":"2013-12-04T01:15:11","modified_gmt":"2013-12-04T04:15:11","slug":"parlamentarios-2013-ritondo-recibio-la-distincion-principal","status":"publish","type":"post","link":"https:\/\/vocesdebaires.com.ar\/index.php\/2013\/12\/04\/parlamentarios-2013-ritondo-recibio-la-distincion-principal\/","title":{"rendered":"Parlamentarios 2013: Ritondo recibi\u00f3 la distinci\u00f3n principal"},"content":{"rendered":"<p>\u00a0<br \/>\n El vicepresidente 1\u00b0 de la Legislatura de la Ciudad Aut\u00f3noma de Buenos Aires, diputado Cristian Ritondo, recibi\u00f3 por cuarta vez consecutiva, la distinci\u00f3n principal de los Premios Parlamentarios 2013, al haber sido elegido el legislador porte\u00f1o m\u00e1s laborioso del a\u00f1o, en el marco de la encuesta anual realizada por Semanario Parlamentario, especializada en temas legislativos.<br \/>\n En primer lugar, Ritondo agradeci\u00f3 &quot;profundamente esta distinci\u00f3n, a los directores de la revista, a los periodistas, a mi equipo de trabajo cotidiano, secretarias, \u00a0asesores y fundamentalmente a mi familia, sin cuyo apoyo no podr\u00eda sostener este trabajo que es mi \u00a0genuina vocaci\u00f3n&quot;. Adem\u00e1s, sostuvo que el premio le &quot;honra y en estos d\u00edas que van cerrando el a\u00f1o, suma una alegr\u00eda m\u00e1s para mi balance personal y laboral&quot;.<br \/>\n &quot;El trabajo legislativo no consiste s\u00f3lo en volcar en normas la voluntad e inquietudes del pueblo, tambi\u00e9n es elaborar y estructurar consensos, abrir di\u00e1logos, afrontar discusiones y construir en base a la tolerancia y aceptaci\u00f3n para sancionar leyes que pretenden mejorar la vida de la gente &quot;, expres\u00f3 Ritondo orgulloso. Y agreg\u00f3 &quot;el \u00e1mbito legislativo es fundamental en la composici\u00f3n de los poderes del Estado: un \u00e1mbito de di\u00e1logo, confrontaci\u00f3n y leyes que pretenden mejorar la vida de la gente&quot;.<br \/>\n Durante el acto, llevado a cabo en el Sal\u00f3n Dorado de la Legislatura, tambi\u00e9n fueron distinguidos otros diez diputados de la Ciudad. Entre ellos, en orden seg\u00fan la cantidad de votos, la diputada del PRO, Carmen Polledo; el jefe del bloque Frente para la Victoria, Juan Cabandi\u00e9; el diputado del PRO, Alejandro Garc\u00eda; la legisladora kirchnerista, Gabriela Alegre; \u00a0la Defensora del Pueblo, Alicia Pierini; los legisladores del PRO, Karina Spalla y Rogelio Frigerio; y los legisladores de Proyecto Sur, Alejandro Bodart (MST), Rafael Gentili, y Adri\u00e1n Camps.<br \/>\n Se hicieron presentes el ministro de Haciendo de la Ciudad, N\u00e9stor Grindetti; el S\u00edndico General de la Ciudad de Buenos Aires, Ignacio Rial; el jefe y subjefe de la Polic\u00eda Metropolitana, Horacio Gim\u00e9nez y Ricardo Pedace; el Secretario Administrativo de la Legislatura, Marcelo Sosa, directores y legisladores, entre otros. El vicepresidente 1\u00b0 de la Legislatura, hizo referencia a Semanario Parlamentario como la revista que &quot;hace tantos a\u00f1os se posicion\u00f3 con su incansable seguimiento de las actividades legislativas locales y nacionales, como el medio clave en este rubro en el que todos trabajamos para sancionar leyes que favorezcan la mejor calidad de vida de todos los porte\u00f1os&quot;.<br \/>\n Los Premios Parlamentario son entregados por Semanario Parlamentario a los legisladores que m\u00e1s se destacan a lo largo del a\u00f1o en cada una de las c\u00e1maras. La manera de selecci\u00f3n es a trav\u00e9s de una encuesta que se realiza entre diputados, senadores, asesores y periodistas parlamentarios, todos los cuales deben mencionar en orden de importancia a los cinco hombres y mujeres que en cada c\u00e1mara mejor han trabajado. El primero obtiene as\u00ed 5 puntos, el segundo 4, el tercero 3, el segundo 2 y el primero 1. De ah\u00ed surgen los ganadores de cada encuesta que desde 1992 -y con excepci\u00f3n de 1993-, Parlamentario viene realizando no s\u00f3lo en el Congreso de la Naci\u00f3n, sino tambi\u00e9n en la Legislatura de la Provincia de Buenos Aires y la Legislatura porte\u00f1a.<\/p>\n","protected":false},"excerpt":{"rendered":"<p>\u00a0 El vicepresidente 1\u00b0 de la Legislatura de la Ciudad Aut\u00f3noma de Buenos Aires, diputado Cristian Ritondo, recibi\u00f3 por cuarta vez consecutiva, la distinci\u00f3n principal de los Premios Parlamentarios 2013, al haber sido elegido el legislador porte\u00f1o m\u00e1s laborioso del a\u00f1o, en el marco de la encuesta anual realizada por Semanario Parlamentario, especializada en temas [&hellip;]<\/p>\n","protected":false},"author":2,"featured_media":21122,"comment_status":"open","ping_status":"open","sticky":false,"template":"","format":"standard","meta":{"_et_pb_use_builder":"","_et_pb_old_content":"","_et_gb_content_width":"","footnotes":""},"categories":[11,44],"tags":[],"class_list":["post-21121","post","type-post","status-publish","format-standard","has-post-thumbnail","hentry","category-ciudad","category-funcionarios-de-la-caba"],"_links":{"self":[{"href":"https:\/\/vocesdebaires.com.ar\/index.php\/wp-json\/wp\/v2\/posts\/21121"}],"collection":[{"href":"https:\/\/vocesdebaires.com.ar\/index.php\/wp-json\/wp\/v2\/posts"}],"about":[{"href":"https:\/\/vocesdebaires.com.ar\/index.php\/wp-json\/wp\/v2\/types\/post"}],"author":[{"embeddable":true,"href":"https:\/\/vocesdebaires.com.ar\/index.php\/wp-json\/wp\/v2\/users\/2"}],"replies":[{"embeddable":true,"href":"https:\/\/vocesdebaires.com.ar\/index.php\/wp-json\/wp\/v2\/comments?post=21121"}],"version-history":[{"count":0,"href":"https:\/\/vocesdebaires.com.ar\/index.php\/wp-json\/wp\/v2\/posts\/21121\/revisions"}],"wp:featuredmedia":[{"embeddable":true,"href":"https:\/\/vocesdebaires.com.ar\/index.php\/wp-json\/wp\/v2\/media\/21122"}],"wp:attachment":[{"href":"https:\/\/vocesdebaires.com.ar\/index.php\/wp-json\/wp\/v2\/media?parent=21121"}],"wp:term":[{"taxonomy":"category","embeddable":true,"href":"https:\/\/vocesdebaires.com.ar\/index.php\/wp-json\/wp\/v2\/categories?post=21121"},{"taxonomy":"post_tag","embeddable":true,"href":"https:\/\/vocesdebaires.com.ar\/index.php\/wp-json\/wp\/v2\/tags?post=21121"}],"curies":[{"name":"wp","href":"https:\/\/api.w.org\/{rel}","templated":true}]}}