{"id":21123,"date":"2013-12-04T01:27:51","date_gmt":"2013-12-04T04:27:51","guid":{"rendered":"http:\/\/vocesdebaires.com.ar\/wordpress\/index.php\/2013\/12\/04\/banos-publicosobligatorio-el-cuidado-del-agua-y-energia\/"},"modified":"2013-12-04T01:27:51","modified_gmt":"2013-12-04T04:27:51","slug":"banos-publicosobligatorio-el-cuidado-del-agua-y-energia","status":"publish","type":"post","link":"https:\/\/vocesdebaires.com.ar\/index.php\/2013\/12\/04\/banos-publicosobligatorio-el-cuidado-del-agua-y-energia\/","title":{"rendered":"Ba\u00f1os p\u00fablicos:Obligatorio el cuidado del agua y energ\u00eda"},"content":{"rendered":"<p>\u00a0<br \/>\n La Legislatura porte\u00f1a aprob\u00f3 una ley que establece la obligatoriedad de incorporar mecanismos y artefactos que tiendan a un uso racional del agua y la energ\u00eda en los ba\u00f1os p\u00fablicos. El proyecto de autor\u00eda de los diputados del PRO Karina Spalla y Helio Rebot. \u201cLos servicios sanitarios p\u00fablicos son un compilado de todo lo que no debe hacerse para evitar los derroches: sistemas de iluminaci\u00f3n encendidos sin que haya usuarios, las grifer\u00edas de volantes con perdidas permanentes &quot;per se&quot; o por mal uso, y los dep\u00f3sitos de mingitorios autom\u00e1ticos por desborde que derrochan agua potable, a\u00fan sin que los artefactos se utilicen\u201d indic\u00f3 Spalla.<br \/>\n La diputada se\u00f1al\u00f3 que el proyecto propone soluciones simples, de muy bajo impacto econ\u00f3mico y con un alt\u00edsimo grado de ahorro de recursos que redundar\u00e1 en beneficio para toda la sociedad. \u201cLos ba\u00f1os p\u00fablicos deber\u00e1n contar con la carteler\u00eda de indicaci\u00f3n de uso para informarle al usuario de un correcto empleo de los dep\u00f3sitos sanitarios para evitar el derroche de agua\u201d,remarc\u00f3. El control autom\u00e1tico del sistema lum\u00ednico, de grifer\u00edas de lavabos y mingitorios y la incorporaci\u00f3n de mecanismos de descarga controlada en inodoros son algunas de las disposiciones que establece la ley para que se cumplan con los servicios m\u00ednimos de salubridad en los locales o edificios p\u00fablicos, comerciales e industriales. Este proyecto forma parte de una tarea de cuidado de medio ambiente a trav\u00e9s de acciones cotidianas que involucren a toda la sociedad y que conduzcan a la toma de conciencia y al cambio de conductas. La diputada Spalla es la autora de la ley que establece un sistema de recuperaci\u00f3n de aguas de lluvia en los edificios para su uso en el riego y la limpieza de veredas.<\/p>\n","protected":false},"excerpt":{"rendered":"<p>\u00a0 La Legislatura porte\u00f1a aprob\u00f3 una ley que establece la obligatoriedad de incorporar mecanismos y artefactos que tiendan a un uso racional del agua y la energ\u00eda en los ba\u00f1os p\u00fablicos. El proyecto de autor\u00eda de los diputados del PRO Karina Spalla y Helio Rebot. \u201cLos servicios sanitarios p\u00fablicos son un compilado de todo lo [&hellip;]<\/p>\n","protected":false},"author":2,"featured_media":21098,"comment_status":"open","ping_status":"open","sticky":false,"template":"","format":"standard","meta":{"_et_pb_use_builder":"","_et_pb_old_content":"","_et_gb_content_width":"","footnotes":""},"categories":[11,44],"tags":[],"class_list":["post-21123","post","type-post","status-publish","format-standard","has-post-thumbnail","hentry","category-ciudad","category-funcionarios-de-la-caba"],"_links":{"self":[{"href":"https:\/\/vocesdebaires.com.ar\/index.php\/wp-json\/wp\/v2\/posts\/21123"}],"collection":[{"href":"https:\/\/vocesdebaires.com.ar\/index.php\/wp-json\/wp\/v2\/posts"}],"about":[{"href":"https:\/\/vocesdebaires.com.ar\/index.php\/wp-json\/wp\/v2\/types\/post"}],"author":[{"embeddable":true,"href":"https:\/\/vocesdebaires.com.ar\/index.php\/wp-json\/wp\/v2\/users\/2"}],"replies":[{"embeddable":true,"href":"https:\/\/vocesdebaires.com.ar\/index.php\/wp-json\/wp\/v2\/comments?post=21123"}],"version-history":[{"count":0,"href":"https:\/\/vocesdebaires.com.ar\/index.php\/wp-json\/wp\/v2\/posts\/21123\/revisions"}],"wp:featuredmedia":[{"embeddable":true,"href":"https:\/\/vocesdebaires.com.ar\/index.php\/wp-json\/wp\/v2\/media\/21098"}],"wp:attachment":[{"href":"https:\/\/vocesdebaires.com.ar\/index.php\/wp-json\/wp\/v2\/media?parent=21123"}],"wp:term":[{"taxonomy":"category","embeddable":true,"href":"https:\/\/vocesdebaires.com.ar\/index.php\/wp-json\/wp\/v2\/categories?post=21123"},{"taxonomy":"post_tag","embeddable":true,"href":"https:\/\/vocesdebaires.com.ar\/index.php\/wp-json\/wp\/v2\/tags?post=21123"}],"curies":[{"name":"wp","href":"https:\/\/api.w.org\/{rel}","templated":true}]}}