{"id":21124,"date":"2013-12-04T01:41:16","date_gmt":"2013-12-04T04:41:16","guid":{"rendered":"http:\/\/vocesdebaires.com.ar\/wordpress\/index.php\/2013\/12\/04\/legislador-ritondo-fue-reelecto-como-vicepresidente-1o\/"},"modified":"2013-12-04T01:41:16","modified_gmt":"2013-12-04T04:41:16","slug":"legislador-ritondo-fue-reelecto-como-vicepresidente-1o","status":"publish","type":"post","link":"https:\/\/vocesdebaires.com.ar\/index.php\/2013\/12\/04\/legislador-ritondo-fue-reelecto-como-vicepresidente-1o\/","title":{"rendered":"Legislador : Ritondo, fue reelecto como Vicepresidente 1\u00ba"},"content":{"rendered":"<p>\u00a0<br \/>\n El cuerpo parlamentario vot\u00f3 la permanencia de \u00a0Cristian Ritondo como Vicepresidente 1\u00ba .Ademas se estableci\u00f3, el d\u00eda y horario de sesi\u00f3n para el periodo parlamentario 2014, que ser\u00e1 los jueves \u00a0a las 11.00 hs.  Por \u00faltimo, fueron designados Carlos P\u00e9rez, como Secretarios Parlamentario; Marcelo Sosa, como Secretario Administrativo; y Javier Andrade, como Secretario de Coordinaci\u00f3n.<\/p>\n","protected":false},"excerpt":{"rendered":"<p>\u00a0 El cuerpo parlamentario vot\u00f3 la permanencia de \u00a0Cristian Ritondo como Vicepresidente 1\u00ba .Ademas se estableci\u00f3, el d\u00eda y horario de sesi\u00f3n para el periodo parlamentario 2014, que ser\u00e1 los jueves \u00a0a las 11.00 hs. Por \u00faltimo, fueron designados Carlos P\u00e9rez, como Secretarios Parlamentario; Marcelo Sosa, como Secretario Administrativo; y Javier Andrade, como Secretario de [&hellip;]<\/p>\n","protected":false},"author":2,"featured_media":21125,"comment_status":"open","ping_status":"open","sticky":false,"template":"","format":"standard","meta":{"_et_pb_use_builder":"","_et_pb_old_content":"","_et_gb_content_width":"","footnotes":""},"categories":[11,44],"tags":[],"class_list":["post-21124","post","type-post","status-publish","format-standard","has-post-thumbnail","hentry","category-ciudad","category-funcionarios-de-la-caba"],"_links":{"self":[{"href":"https:\/\/vocesdebaires.com.ar\/index.php\/wp-json\/wp\/v2\/posts\/21124"}],"collection":[{"href":"https:\/\/vocesdebaires.com.ar\/index.php\/wp-json\/wp\/v2\/posts"}],"about":[{"href":"https:\/\/vocesdebaires.com.ar\/index.php\/wp-json\/wp\/v2\/types\/post"}],"author":[{"embeddable":true,"href":"https:\/\/vocesdebaires.com.ar\/index.php\/wp-json\/wp\/v2\/users\/2"}],"replies":[{"embeddable":true,"href":"https:\/\/vocesdebaires.com.ar\/index.php\/wp-json\/wp\/v2\/comments?post=21124"}],"version-history":[{"count":0,"href":"https:\/\/vocesdebaires.com.ar\/index.php\/wp-json\/wp\/v2\/posts\/21124\/revisions"}],"wp:featuredmedia":[{"embeddable":true,"href":"https:\/\/vocesdebaires.com.ar\/index.php\/wp-json\/wp\/v2\/media\/21125"}],"wp:attachment":[{"href":"https:\/\/vocesdebaires.com.ar\/index.php\/wp-json\/wp\/v2\/media?parent=21124"}],"wp:term":[{"taxonomy":"category","embeddable":true,"href":"https:\/\/vocesdebaires.com.ar\/index.php\/wp-json\/wp\/v2\/categories?post=21124"},{"taxonomy":"post_tag","embeddable":true,"href":"https:\/\/vocesdebaires.com.ar\/index.php\/wp-json\/wp\/v2\/tags?post=21124"}],"curies":[{"name":"wp","href":"https:\/\/api.w.org\/{rel}","templated":true}]}}