{"id":21128,"date":"2013-12-04T02:12:16","date_gmt":"2013-12-04T05:12:16","guid":{"rendered":"http:\/\/vocesdebaires.com.ar\/wordpress\/index.php\/2013\/12\/04\/renovacion-parlamentaria-juran-los-diputados-electos\/"},"modified":"2013-12-04T02:12:16","modified_gmt":"2013-12-04T05:12:16","slug":"renovacion-parlamentaria-juran-los-diputados-electos","status":"publish","type":"post","link":"https:\/\/vocesdebaires.com.ar\/index.php\/2013\/12\/04\/renovacion-parlamentaria-juran-los-diputados-electos\/","title":{"rendered":"Renovaci\u00f3n parlamentaria: Juran  los diputados electos"},"content":{"rendered":"<p>\u00a0<br \/>\n Los diputados Federico Salvai (PRO) -izq- y Jorge Enrique Taiana (FpV) respondieron a la f\u00f3rmula le\u00edda por la Presidenta Mar\u00eda Eugenia Vidal . Previamente a la jura de los legisladores, el pleno del Cuerpo aprob\u00f3 los titulos de los diputados electos y vot\u00f3 su rechazo al Expediente 2880-P-2013 sobre la impugnacion de la asunci\u00f3n del Diputado Gustavo Vera, presentada por la Comunidad Homosexual Argentina (CHA.<br \/>\n&quot;Tenemos fundadas razones para impugnar la asunci\u00f3n del Sr. Gustavo Vera como Legislador de la Ciudad en virtud de su cont\u00ednuo hostigamiento dirigido contra la comunidad GLTTB que sirve de evidencia concreta respecto de su rampante desconocimiento de las prescripciones de respeto a los derechos de las minorias y a la diversidad cultural contenidas tanto en la Constituci\u00f3n de la Ciudad de Buenos Aires como en la Constituci\u00f3n Nacional, circunstancia que har\u00e1 imposible que desempe\u00f1e su cargo y que obre de conformidad con dichos textos magnos, tal como exige el juramento o compromiso que deber\u00e1 prestar en el act o de su incorporacion como legislador&quot;, sosten\u00edan los fundamentos de las organizaciones firmantes de la impugnaci\u00f3n.<\/p>\n","protected":false},"excerpt":{"rendered":"<p>\u00a0 Los diputados Federico Salvai (PRO) -izq- y Jorge Enrique Taiana (FpV) respondieron a la f\u00f3rmula le\u00edda por la Presidenta Mar\u00eda Eugenia Vidal . Previamente a la jura de los legisladores, el pleno del Cuerpo aprob\u00f3 los titulos de los diputados electos y vot\u00f3 su rechazo al Expediente 2880-P-2013 sobre la impugnacion de la asunci\u00f3n [&hellip;]<\/p>\n","protected":false},"author":2,"featured_media":21129,"comment_status":"open","ping_status":"open","sticky":false,"template":"","format":"standard","meta":{"_et_pb_use_builder":"","_et_pb_old_content":"","_et_gb_content_width":"","footnotes":""},"categories":[11,44],"tags":[],"class_list":["post-21128","post","type-post","status-publish","format-standard","has-post-thumbnail","hentry","category-ciudad","category-funcionarios-de-la-caba"],"_links":{"self":[{"href":"https:\/\/vocesdebaires.com.ar\/index.php\/wp-json\/wp\/v2\/posts\/21128"}],"collection":[{"href":"https:\/\/vocesdebaires.com.ar\/index.php\/wp-json\/wp\/v2\/posts"}],"about":[{"href":"https:\/\/vocesdebaires.com.ar\/index.php\/wp-json\/wp\/v2\/types\/post"}],"author":[{"embeddable":true,"href":"https:\/\/vocesdebaires.com.ar\/index.php\/wp-json\/wp\/v2\/users\/2"}],"replies":[{"embeddable":true,"href":"https:\/\/vocesdebaires.com.ar\/index.php\/wp-json\/wp\/v2\/comments?post=21128"}],"version-history":[{"count":0,"href":"https:\/\/vocesdebaires.com.ar\/index.php\/wp-json\/wp\/v2\/posts\/21128\/revisions"}],"wp:featuredmedia":[{"embeddable":true,"href":"https:\/\/vocesdebaires.com.ar\/index.php\/wp-json\/wp\/v2\/media\/21129"}],"wp:attachment":[{"href":"https:\/\/vocesdebaires.com.ar\/index.php\/wp-json\/wp\/v2\/media?parent=21128"}],"wp:term":[{"taxonomy":"category","embeddable":true,"href":"https:\/\/vocesdebaires.com.ar\/index.php\/wp-json\/wp\/v2\/categories?post=21128"},{"taxonomy":"post_tag","embeddable":true,"href":"https:\/\/vocesdebaires.com.ar\/index.php\/wp-json\/wp\/v2\/tags?post=21128"}],"curies":[{"name":"wp","href":"https:\/\/api.w.org\/{rel}","templated":true}]}}