{"id":21130,"date":"2013-12-04T02:26:36","date_gmt":"2013-12-04T05:26:36","guid":{"rendered":"http:\/\/vocesdebaires.com.ar\/wordpress\/index.php\/2013\/12\/04\/la-legislatura-portena-designo-sus-autoridades\/"},"modified":"2013-12-04T02:26:36","modified_gmt":"2013-12-04T05:26:36","slug":"la-legislatura-portena-designo-sus-autoridades","status":"publish","type":"post","link":"https:\/\/vocesdebaires.com.ar\/index.php\/2013\/12\/04\/la-legislatura-portena-designo-sus-autoridades\/","title":{"rendered":"La Legislatura Porte\u00f1a design\u00f3 sus autoridades"},"content":{"rendered":"<p>\u00a0<br \/>\n La Legislatura de la Ciudad Aut\u00f3noma de Buenos Aires en el marco de la Sesi\u00f3n Preparatoria encabezada por su Presidenta y Vicejefa de Gobierno Mar\u00eda Eugenia Vidal, eligi\u00f3 las nuevas autoridades parlamentarias. La Vicepresidencia 1\u00aa, recay\u00f3 sobre el diputado Cristian Ritondo (PRO), la Vicepresidencia 2\u00aa en Juan Carlos Dante Gullo (FpV) y la Vicepresidencia 3\u00aa en Maximiliano Ferraro (CC-ARI), de manera que Ritondo y Gullo, representantes de la primera y segunda minor\u00edas parlamentarias resultaron reelectos, quedando la Vicepresidencia 3\u00aa a cargo del representante del interbloque UNEN, la tercera minor\u00eda. La propuesta fue verbalizada ante el Pleno por el diputado Oscar Moscariello (PRO) y en la votaci\u00f3n a mano alzada se abstuvieron los diputados Alejandro Bodart (MST) y Marcelo Ramal (FIT), tras lo cual Mar\u00eda Eugenia Vidal procedi\u00f3 a la toma de los juramentos.<br \/>\nSeg\u00fan el art\u00edculo 86 del Reglamento Interno los vicepresidentes nombrados duran en sus funciones un a\u00f1o, pudiendo ser reelectos. La Vicepresidencia 1\u00aa ejerce la administraci\u00f3n y coordinaci\u00f3n de la Legislatura y entre sus atribuciones se destacan dirigir y supervisar las Secretar\u00edas Administrativa, Parlamentaria y de Coordinaci\u00f3n, as\u00ed como integrar, convocar y coordinar las reuniones de la Comisi\u00f3n de Labor Parlamentaria y elaborar y elevar a la Presidencia el presupuesto de gastos de la Legislatura, facultades detalladas en el art\u00edculo 88. Por otra parte, el Vicepresidente 1\u00ba reemplaza a la Vicejefa de Gobierno, en la Legislatura, de conformidad con la Constituci\u00f3n local. Tambi\u00e9n fueron designados los Secretarios Parlamentario, Administrativo y de Coordinaci\u00f3n, recayendo estas responsabilidades en Carlos Seraf\u00edn P\u00e9rez, el Ctdor. Marcelo Ra\u00fal Sosa y Javier Andrade respectivamente, quienes resultaron reeelectos por un nuevo a\u00f1o. El diputado Cristian Ritondo, fue quien formaliz\u00f3 las propuestas y tom\u00f3 los juramentos de rigor.<\/p>\n","protected":false},"excerpt":{"rendered":"<p>\u00a0 La Legislatura de la Ciudad Aut\u00f3noma de Buenos Aires en el marco de la Sesi\u00f3n Preparatoria encabezada por su Presidenta y Vicejefa de Gobierno Mar\u00eda Eugenia Vidal, eligi\u00f3 las nuevas autoridades parlamentarias. La Vicepresidencia 1\u00aa, recay\u00f3 sobre el diputado Cristian Ritondo (PRO), la Vicepresidencia 2\u00aa en Juan Carlos Dante Gullo (FpV) y la Vicepresidencia [&hellip;]<\/p>\n","protected":false},"author":2,"featured_media":21131,"comment_status":"open","ping_status":"open","sticky":false,"template":"","format":"standard","meta":{"_et_pb_use_builder":"","_et_pb_old_content":"","_et_gb_content_width":"","footnotes":""},"categories":[11,44],"tags":[],"class_list":["post-21130","post","type-post","status-publish","format-standard","has-post-thumbnail","hentry","category-ciudad","category-funcionarios-de-la-caba"],"_links":{"self":[{"href":"https:\/\/vocesdebaires.com.ar\/index.php\/wp-json\/wp\/v2\/posts\/21130"}],"collection":[{"href":"https:\/\/vocesdebaires.com.ar\/index.php\/wp-json\/wp\/v2\/posts"}],"about":[{"href":"https:\/\/vocesdebaires.com.ar\/index.php\/wp-json\/wp\/v2\/types\/post"}],"author":[{"embeddable":true,"href":"https:\/\/vocesdebaires.com.ar\/index.php\/wp-json\/wp\/v2\/users\/2"}],"replies":[{"embeddable":true,"href":"https:\/\/vocesdebaires.com.ar\/index.php\/wp-json\/wp\/v2\/comments?post=21130"}],"version-history":[{"count":0,"href":"https:\/\/vocesdebaires.com.ar\/index.php\/wp-json\/wp\/v2\/posts\/21130\/revisions"}],"wp:featuredmedia":[{"embeddable":true,"href":"https:\/\/vocesdebaires.com.ar\/index.php\/wp-json\/wp\/v2\/media\/21131"}],"wp:attachment":[{"href":"https:\/\/vocesdebaires.com.ar\/index.php\/wp-json\/wp\/v2\/media?parent=21130"}],"wp:term":[{"taxonomy":"category","embeddable":true,"href":"https:\/\/vocesdebaires.com.ar\/index.php\/wp-json\/wp\/v2\/categories?post=21130"},{"taxonomy":"post_tag","embeddable":true,"href":"https:\/\/vocesdebaires.com.ar\/index.php\/wp-json\/wp\/v2\/tags?post=21130"}],"curies":[{"name":"wp","href":"https:\/\/api.w.org\/{rel}","templated":true}]}}