{"id":21132,"date":"2013-12-04T12:50:24","date_gmt":"2013-12-04T15:50:24","guid":{"rendered":"http:\/\/vocesdebaires.com.ar\/wordpress\/index.php\/2013\/12\/04\/avanzaley-que-regula-a-los-clubes-de-barrio\/"},"modified":"2013-12-04T12:50:24","modified_gmt":"2013-12-04T15:50:24","slug":"avanzaley-que-regula-a-los-clubes-de-barrio","status":"publish","type":"post","link":"https:\/\/vocesdebaires.com.ar\/index.php\/2013\/12\/04\/avanzaley-que-regula-a-los-clubes-de-barrio\/","title":{"rendered":"Avanza,ley que regula a los clubes de barrio"},"content":{"rendered":"<p>\u00a0<br \/>\n Esta primera Audiencia y las siguientes fueron encabezadas por la presidenta de la Comisi\u00f3n de Planeamiento Urbano, diputada Karina Spalla (PRO) quien estuvo acompa\u00f1ada por sus pares Helio Rebot (PRO), Mateo Romeo (FpV) y Gabriela Seijo (PRO). &quot;Distintas generaciones hemos venido trabajando para estar dentro de la ley&quot; subray\u00f3 una se\u00f1ora emocionada al ver que la actividad a la que dedica horas y horas de vida fue tenida en cuenta en este proyecto de ley. &quot;Es importante regularizar los planos y felicito al equipo de la Comisi\u00f3n de Planeamiento Urbano&quot;, subray\u00f3 un dirigente de FEDECIBA, que adem\u00e1s solicit\u00f3 que se revea la restricci\u00f3n incluida en el proyecto para el desarrollo de actividades comerciales. En ese sentido subray\u00f3 &quot;los clubes tienen bufetes que dan de comer a quienes trabajan en la zona o a los vecinos porque con las cuotas sociales no se mantienen las instalaciones&quot;.<br \/>\nSe sum\u00f3 a esta posici\u00f3n otro dirigente de un club del barrio Agronom\u00eda, padre de tres hijos que practican deporte. Insisti\u00f3 en lo dif\u00edcil que es gestionar estas instituciones por &quot;su poca infraestructura, pocas canchas, porque es caro tener equipos federados y porque las cuotas sociales deben ser econ\u00f3micas&quot; y finaliz\u00f3 recordando que adem\u00e1s de ocuparse de lo deportivo est\u00e1n abiertos para que &quot;asistan los jubilados, para dar apoyo escolar, cumpliendo una funci\u00f3n social&quot;. El 10 de octubre pasado fue aprobada en primera lectura la ley de autor\u00eda de la diputada Spalla (PRO), por la cual se incorporan al C\u00f3digo de Planeamiento Urbano, los &quot;Clubes de Barrio&quot;, es decir aquellos establecimientos destinados a usos deportivos, sociales y culturales con instalaciones cubiertas y\/o descubiertas que est\u00e9n comprendidos por la Ley N\u00b0 1807. La norma, deber\u00e1 seguir el procedimiento parlamentario que establece la obligaci\u00f3n de ser tratado, tras la Audiencia P\u00fablica, nuevamente por el Cuerpo Parlamentario para su sanci\u00f3n definitiva.<br \/>\nLa autora del proyecto explic\u00f3 en los fundamentos que es &quot;necesario que los clubes de barrio, posean su propia legislaci\u00f3n, de manera independiente a los grandes clubes, a fin de regularizar su situaci\u00f3n a nivel de planificaci\u00f3n urbana y edilicia. Hist\u00f3ricamente, estos clubes nacen a principios de 1900, muchos fundados por inmigrantes gallegos, catalanes, italianos, como lugares de encuentro y recreaci\u00f3n. A lo largo de las siguientes d\u00e9cadas, fueron tomando fuerza, y constituy\u00e9ndose como n\u00facleos fundamentales de la identidad colectiva en los distintos barrios, a partir de los cuales se forjaron lazos comunitarios, consolidando el sentido de pertenencia de una comunidad&quot;.<br \/>\n&quot;En los a\u00f1os 60 y 70, se convirtieron en espacios de reuni\u00f3n y militancia pol\u00edtica. Porque los clubes -afirm\u00f3- nunca estuvieron exentos de los intereses y preocupaciones de la comunidad, siempre fueron un fiel reflejo de la situaci\u00f3n social. Con los a\u00f1os de dictadura militar, muchos de estos espacios se desvanecieron. A continuaci\u00f3n, se sumaron los problemas econ\u00f3micos. Y as\u00ed, la supervivencia de los clubes se hizo cada vez m\u00e1s dif\u00edcil. Sostenerse \u00fanicamente con las cuotas de los socios resulta imposible. Y esto se tradujo en la desaparici\u00f3n de muchos clubes, o la reducci\u00f3n del espacio o las actividades de muchos de ellos con reducci\u00f3n del n\u00famero de actividades, horarios, etc\u00e9tera, o con la concesi\u00f3n de espacios que les eran propios&quot;. Spalla tambi\u00e9n argument\u00f3: &quot;Escuchamos, en boca de los integrantes de los clubes que tra tamos, el esfuerzo que hacen por mantener actividades y ampliar el n\u00famero de socios, en particular chicos, al ver que su funci\u00f3n es irreemplazable&quot;.<br \/>\nEste proyecto, fue despachado por la Comisi\u00f3n de Planeamiento Urbano que estim\u00f3 su aporte para permitir un uso m\u00e1s intensivo del suelo para los clubes a fin que los mismos puedan potenciar su desarrollo y equipamiento, en pos de la comunidad. Las limitantes existentes en alturas y ocupaci\u00f3n del suelo actuales son un escollo para la inversi\u00f3n en infraestructura deportiva, y con ello para el crecimiento de estas instituciones.<br \/>\n Pautas a los agregados a fachadas y muros de edificaciones.<br \/>\nTambi\u00e9n fueron considerados hoy en Audiencia P\u00fablica, sin recibir ninguna oposici\u00f3n, los expedientes N\u00ba 3530-D-2012 y 3531-D-2012 ambos de autor\u00eda de la diputada Seijo (PRO) y aprobados el 10 de octubre pasado. Proponen modificar el C\u00f3digo de la Edificaci\u00f3n de la C.A.B.A. en lo referente a agregados a las fachadas y muros visibles desde la v\u00eda p\u00fablica y la regularizaci\u00f3n de cortinas, motores y\/o enrolladores de cortinas. El primero de los proyectos establece la obligaci\u00f3n para los edificios nuevos de prever lugares especialmente destinados al posible emplazamiento de los aparatos de aires acondicionadores y climatizadores de \u00a0ambientes. En los edificios existentes, deber\u00e1 priorizarse la ubicaci\u00f3n de los equipos en balcones o terrazas para que el artefacto acondicionador de aire o climatizador pueda ser emplazado. Esta restricci\u00f3n queda incluida dentro de la que establece: La colocaci\u00f3n o instalaci\u00f3n de agregados no establecidos en el C\u00f3digo, s\u00f3lo se permiten cuando no se afecte la composici\u00f3n arquitect\u00f3nica del edificio y la est\u00e9tica del lugar. Es as\u00ed que en los distritos Urbanizaci\u00f3n Determinada, Arquitectura Especial y \u00c1rea de Protecci\u00f3n Hist\u00f3rica, como en los edificios catalogados individualmente, los equipos podr\u00e1n ser ubicados dentro de balcones y terrazas o internamente de tal manera que no menoscabe la composici\u00f3n del edificio. Adem\u00e1s, queda prohibida la instalaci\u00f3n de equipos del tipo \u201cde ventana\u201d en las fachadas.<br \/>\nAmbas iniciativas tiene el objetivo de &quot;mejorar la calidad espacial y ambiental de la Ciudad, \u00a0a la vez que reducir los factores de riesgo, as\u00ed como la contaminaci\u00f3n visual&quot;, seg\u00fan se detalla en los dos despachos elaborados por la Comisi\u00f3n de Planeamiento Urbano. Deber\u00e1n ser tratadas nuevamente en sesi\u00f3n para su sanci\u00f3n definitiva. Entre los fundamentos del despacho los diputados destacan tambi\u00e9n que &quot;resulta evidente el impacto negativo de la colocaci\u00f3n desorganizada y desmedida de equipos de aires acondicionadores y climatizadores de \u00a0ambientes sin respetar ninguna valoraci\u00f3n respecto del paisaje urbano. En virtud de esto, se torna \u00a0necesario que la instalaci\u00f3n de dichos equipamientos sea regulada&quot;.  El otro proyecto tiene como finalidad la prohibici\u00f3n de la instalaci\u00f3n de motores y\/o enrolladores de cortinas hacia el exterior de la l\u00ednea oficial de la fachada. El despacho correspondiente especifica: &quot;Usualmente, los motores sobresalen unos 0.80 metros de la l\u00ednea oficial de la fachada, y muchas veces son tapados con marquesinas salientes. De igual modo, constituye un factor de riesgo las vibraciones del accionar del motor para levantar la cortina, por el desajuste que los mismos provocan sobre los elementos de sujeci\u00f3n, como ser bulones, tornillos, brocas y otros componentes, con el correspondiente peligro para el peat\u00f3n&quot;. En ambos casos a partir de la publicaci\u00f3n en el bolet\u00edn oficial, de ser sancionadas las leyes en forma definitiva, se establecer\u00e1 un plazo de 24 meses para la readecuaci\u00f3n de los edificios en consonancia con la nueva normativa.<\/p>\n","protected":false},"excerpt":{"rendered":"<p>\u00a0 Esta primera Audiencia y las siguientes fueron encabezadas por la presidenta de la Comisi\u00f3n de Planeamiento Urbano, diputada Karina Spalla (PRO) quien estuvo acompa\u00f1ada por sus pares Helio Rebot (PRO), Mateo Romeo (FpV) y Gabriela Seijo (PRO). &quot;Distintas generaciones hemos venido trabajando para estar dentro de la ley&quot; subray\u00f3 una se\u00f1ora emocionada al ver [&hellip;]<\/p>\n","protected":false},"author":2,"featured_media":15252,"comment_status":"open","ping_status":"open","sticky":false,"template":"","format":"standard","meta":{"_et_pb_use_builder":"","_et_pb_old_content":"","_et_gb_content_width":"","footnotes":""},"categories":[11,44],"tags":[],"class_list":["post-21132","post","type-post","status-publish","format-standard","has-post-thumbnail","hentry","category-ciudad","category-funcionarios-de-la-caba"],"_links":{"self":[{"href":"https:\/\/vocesdebaires.com.ar\/index.php\/wp-json\/wp\/v2\/posts\/21132"}],"collection":[{"href":"https:\/\/vocesdebaires.com.ar\/index.php\/wp-json\/wp\/v2\/posts"}],"about":[{"href":"https:\/\/vocesdebaires.com.ar\/index.php\/wp-json\/wp\/v2\/types\/post"}],"author":[{"embeddable":true,"href":"https:\/\/vocesdebaires.com.ar\/index.php\/wp-json\/wp\/v2\/users\/2"}],"replies":[{"embeddable":true,"href":"https:\/\/vocesdebaires.com.ar\/index.php\/wp-json\/wp\/v2\/comments?post=21132"}],"version-history":[{"count":0,"href":"https:\/\/vocesdebaires.com.ar\/index.php\/wp-json\/wp\/v2\/posts\/21132\/revisions"}],"wp:featuredmedia":[{"embeddable":true,"href":"https:\/\/vocesdebaires.com.ar\/index.php\/wp-json\/wp\/v2\/media\/15252"}],"wp:attachment":[{"href":"https:\/\/vocesdebaires.com.ar\/index.php\/wp-json\/wp\/v2\/media?parent=21132"}],"wp:term":[{"taxonomy":"category","embeddable":true,"href":"https:\/\/vocesdebaires.com.ar\/index.php\/wp-json\/wp\/v2\/categories?post=21132"},{"taxonomy":"post_tag","embeddable":true,"href":"https:\/\/vocesdebaires.com.ar\/index.php\/wp-json\/wp\/v2\/tags?post=21132"}],"curies":[{"name":"wp","href":"https:\/\/api.w.org\/{rel}","templated":true}]}}