{"id":21133,"date":"2013-12-04T13:00:51","date_gmt":"2013-12-04T16:00:51","guid":{"rendered":"http:\/\/vocesdebaires.com.ar\/wordpress\/index.php\/2013\/12\/04\/legislatura-bloque-verde-alameda\/"},"modified":"2013-12-04T13:00:51","modified_gmt":"2013-12-04T16:00:51","slug":"legislatura-bloque-verde-alameda","status":"publish","type":"post","link":"https:\/\/vocesdebaires.com.ar\/index.php\/2013\/12\/04\/legislatura-bloque-verde-alameda\/","title":{"rendered":"Legislatura: Bloque Verde Alameda"},"content":{"rendered":"<p>\u00a0<br \/>\n Se anunci\u00f3 oficialmente la constituci\u00f3n del bloque Verde Alameda* en la Legislatura Porte\u00f1a, integrado por el diputado Pablo Bergel (Equipo legislativo Verde al Sur) y el ingresante diputado Gustavo Vera (La Alameda). La presidencia inicial del bloque, que rotar\u00e1 cada seis meses, la ocupar\u00e1 Gustavo Vera y la secretar\u00eda parlamentaria estar\u00e1 a cargo de Gustavo Desplats.  La dram\u00e1tica y casi terminal crisis socioambiental, que tanto en la ciudad como en el pa\u00eds, la regi\u00f3n y el mundo todo, amenaza la supervivencia de la especie humana sobre el planeta, continuar\u00e1 siendo, como desde el inicio de la gesti\u00f3n legislativa de Pablo Bergel, una de las prioridades program\u00e1ticas de la actividad parlamentaria y social del nuevo bloque.<br \/>\nLa otra prioridad, plenamente complementaria de la anterior, expresada por la trayectoria del nuevo diputado Gustavo Vera y su movimiento La Alameda, ser\u00e1 la lucha implacable contra la trata de personas, el narcotr\u00e1fico, el proxenetismo y la corrupci\u00f3n que, amparados en sectores del poder, constituyen una amenaza de muerte para la vida individual y colectiva de la comunidad.  Ambos legisladores provienen de una larga militancia social independiente llegando a ocupar sus actuales espacios institucionales por la convocatoria a encabezar las listas de legisladores como extrapartidarios que oportunamente les hiciera Fernando &quot;Pino&quot; Solanas y su Movimiento Proyecto Sur a Pablo Bergel en 2011, y Coalici\u00f3n Sur (formado por Solanas y la diputada Carri\u00f3 en el 2013), en el caso de Vera.<br \/>\n&quot;Con Gustavo nos conocimos durante la insurgencia asamblearia ciudadana que, \u00a0entre el 19 de diciembre de 2001 y el 2003, constituy\u00f3 la experiencia m\u00e1s profunda y democratizadora de las \u00faltimas d\u00e9cadas. M\u00e1s tarde tuvimos una intensa colaboraci\u00f3n durante mi desempe\u00f1o en el Instituto Nacional de Tecnolog\u00eda Industrial (INTI), presidido por el Ing. Enrique Mart\u00ednez, donde desarrollamos un programa de trabajo social y ambientalmente sustentable y libre de trata en toda la cadena de valor de la industria indumentaria. Es un aire fresco y una fuerza importante los que trae consigo Gustavo y sus compa\u00f1eros. Es un placer constituir un equipo de trabajo con \u00e9l&quot;, relat\u00f3 Bergel.  \u201cPablo Bergel es una persona que est\u00e1 comprometida hace muchos a\u00f1os con las causas ambientales y que tienen que ver con el cuidado del medio ambiente y el espacio p\u00fablico y La Alameda est\u00e1 vinculada a la lucha contra las mafias que esclavizan personas y tiene mucho que ver con la misma agenda que el Papa Francisco instala a nivel mundial que es la ecolog\u00eda centrada en el hombre y la lucha contra las mafias y el narcotr\u00e1fico\u201d, Vera. Y luego agreg\u00f3: \u201cTanto Pablo como su espacio Verde al Sur y La Alameda expresan estas grandes causas y vamos a tratar de aportarla como una contribuci\u00f3n dentro del interbloque de UNEN\u201d.  Con la convicci\u00f3n que m\u00e1s temprano que tarde se abrir\u00e1n las grandes y verdes alamedas por donde pase el hombre libre para construir una sociedad mejor, comprometemos nuestro esfuerzo y trabajo en com\u00fan en el flamante bloque al servicio del pueblo y los trabajadores.<\/p>\n","protected":false},"excerpt":{"rendered":"<p>\u00a0 Se anunci\u00f3 oficialmente la constituci\u00f3n del bloque Verde Alameda* en la Legislatura Porte\u00f1a, integrado por el diputado Pablo Bergel (Equipo legislativo Verde al Sur) y el ingresante diputado Gustavo Vera (La Alameda). La presidencia inicial del bloque, que rotar\u00e1 cada seis meses, la ocupar\u00e1 Gustavo Vera y la secretar\u00eda parlamentaria estar\u00e1 a cargo de [&hellip;]<\/p>\n","protected":false},"author":2,"featured_media":21134,"comment_status":"open","ping_status":"open","sticky":false,"template":"","format":"standard","meta":{"_et_pb_use_builder":"","_et_pb_old_content":"","_et_gb_content_width":"","footnotes":""},"categories":[11,33],"tags":[],"class_list":["post-21133","post","type-post","status-publish","format-standard","has-post-thumbnail","hentry","category-ciudad","category-sociedad-y-cultura-2"],"_links":{"self":[{"href":"https:\/\/vocesdebaires.com.ar\/index.php\/wp-json\/wp\/v2\/posts\/21133"}],"collection":[{"href":"https:\/\/vocesdebaires.com.ar\/index.php\/wp-json\/wp\/v2\/posts"}],"about":[{"href":"https:\/\/vocesdebaires.com.ar\/index.php\/wp-json\/wp\/v2\/types\/post"}],"author":[{"embeddable":true,"href":"https:\/\/vocesdebaires.com.ar\/index.php\/wp-json\/wp\/v2\/users\/2"}],"replies":[{"embeddable":true,"href":"https:\/\/vocesdebaires.com.ar\/index.php\/wp-json\/wp\/v2\/comments?post=21133"}],"version-history":[{"count":0,"href":"https:\/\/vocesdebaires.com.ar\/index.php\/wp-json\/wp\/v2\/posts\/21133\/revisions"}],"wp:featuredmedia":[{"embeddable":true,"href":"https:\/\/vocesdebaires.com.ar\/index.php\/wp-json\/wp\/v2\/media\/21134"}],"wp:attachment":[{"href":"https:\/\/vocesdebaires.com.ar\/index.php\/wp-json\/wp\/v2\/media?parent=21133"}],"wp:term":[{"taxonomy":"category","embeddable":true,"href":"https:\/\/vocesdebaires.com.ar\/index.php\/wp-json\/wp\/v2\/categories?post=21133"},{"taxonomy":"post_tag","embeddable":true,"href":"https:\/\/vocesdebaires.com.ar\/index.php\/wp-json\/wp\/v2\/tags?post=21133"}],"curies":[{"name":"wp","href":"https:\/\/api.w.org\/{rel}","templated":true}]}}