{"id":21135,"date":"2013-12-04T13:04:56","date_gmt":"2013-12-04T16:04:56","guid":{"rendered":"http:\/\/vocesdebaires.com.ar\/wordpress\/index.php\/2013\/12\/04\/los-30-legisladores-porteno-juraron\/"},"modified":"2013-12-04T13:04:56","modified_gmt":"2013-12-04T16:04:56","slug":"los-30-legisladores-porteno-juraron","status":"publish","type":"post","link":"https:\/\/vocesdebaires.com.ar\/index.php\/2013\/12\/04\/los-30-legisladores-porteno-juraron\/","title":{"rendered":"Los 30 Legisladores porte\u00f1o juraron"},"content":{"rendered":"<p>\u00a0<br \/>\n La jura y presentaci\u00f3n de diplomas de los 30 legisladores electos en el comicio realizado el 27 de octubre \u00faltimo tuvo lugar hoy en la Legislatura porte\u00f1a. Los mandatos de los legisladores comenzar\u00e1n a regir formalmente a partir del pr\u00f3ximo martes 10 de diciembre. Previamente a la jura de los legisladores, el pleno del Cuerpo aprob\u00f3 los titulos de los diputados electos y vot\u00f3 su rechazo al Expediente 2880-P-2013 sobre la impugnacion de la asunci\u00f3n del Diputado Gustavo Vera, presentada por la Comunidad Homosexual Argentina (CHA). &quot;Tenemos fundadas razones para impugnar la asunci\u00f3n del Sr. Gustavo Vera como Legislador de la Ciudad en virtud de su cont\u00ednuo hostigamiento dirigido contra la comunidad GLTTB que sirve de evidencia concreta respecto de su rampante desconocimiento de las prescripciones de respeto a los derechos de las minorias y a la diversidad cultural contenidas tanto en la Constituci\u00f3n de la Ciudad de Buenos Aires como en la Constituci\u00f3n Nacional, circunstancia que har\u00e1 imposible que desempe\u00f1e su cargo y que obre de conformidad con dichos textos magnos, tal como exige el juramento o compromiso que deber\u00e1 prestar en el act o de su incorporacion como legislador&quot;, sosten\u00edan los fundamentos de las organizaciones firmantes de la impugnaci\u00f3n. A continuaci\u00f3n, la Secretar\u00eda Parlamentaria fue llamando a los legisladores electos a acercarse al estrado de presidencia donde la presidenta del Cuerpo Parlamentario Mar\u00eda Eugenia Vidal y el vicepresidente 1\u00ba Diputado Cristian Ritondo, alternativamente, fueron tomando el juramento de rigor.<br \/>\nNueva conformaci\u00f3n parlamentaria<br \/>\nA partir del pr\u00f3ximo martes 10 de diciembre en que formalmente se conformar\u00e1 la nueva Legislatura, el PRO que aument\u00f3 de 26 a 28 la cantidad de esca\u00f1os se mantendr\u00e1 como la primera minor\u00eda, quedando muy cerca de las 31 voluntades necesarias para formar qu\u00f3rum o mayor\u00eda simple; y el FPV seguir\u00e1 siendo la segunda minor\u00eda, mientras UNEN constituir\u00e1 la tercera fuerza parlamentaria. El partido oficialista en la Ciudad de Buenos Aires incorpor\u00f3 12 nuevos representantes, que son: Fernando Iv\u00e1n Petrella, Juan Pablo Arenaza, Carmen Polledo, Jos\u00e9 Alejandro Garc\u00eda, Agust\u00edn Forchieri, Mar\u00eda Karina Spalla, Roberto Alfredo Quattromano, Federico Salvai, Cecilia Mar\u00eda de la Torre, Helio Dante Rebot, H\u00e9ctor Mar\u00eda Huici y Victoria In\u00e9s Rold\u00e1n M\u00e9ndez. Cabe recordar que en la \u00faltima Sesi\u00f3n Ordinaria ante la renuncia de Sergio Bergman quien asumir\u00e1 el 10 de diciembre la banca de diputado nacional, se incorpor\u00f3 su reemplazante, Christian Federico Bauab.<br \/>\nEl Frente para la Victoria (FPV) seguir\u00e1 siendo la segunda minor\u00eda con 12 bancas: Jorge Enrique Taiana, Mar\u00eda Rosa Mui\u00f1os, Jos\u00e9 Cruz Campagnoli, Claudio Marcelo Palmeyro, Lorena Iris Pokoik Garc\u00eda y Gabriel Marcelo Fuks. El interbloque estar\u00e1 integrado por el diputado Pablo Ricardo Ferreyra (Izquierda Popular), el Frente Progresista y Popular, Nuevo Encuentro y el bloque unipersonal Sindical Peronista. Como tercera bancada se constituye la alianza UNEN, que integran los flamantes legisladores Gustavo Javier Vera, Mar\u00eda Eugenia Estenssoro, Hern\u00e1n Ariel Arce, Juan Francisco Nosiglia, Paula Mariana Oliveto Lago, Hern\u00e1n Abel Rossi, Javier Alberto Gentilini y Mar\u00eda In\u00e9s Gorbe.  Nuevos legisladores son tambi\u00e9n Mar\u00eda Graciela Oca\u00f1a y Cristina Ventura Garc\u00eda de Aurteneche, del partido Confianza P\u00fablica (CP), y Marcelo Ramal, del Frente de Izquierda y los Trabajadores (FIT). La Sesi\u00f3n Preparatoria que se desarroll\u00f3 en el Recinto con palcos colmados de p\u00fablico y prensa, termin\u00f3 a las 12 horas.<\/p>\n","protected":false},"excerpt":{"rendered":"<p>\u00a0 La jura y presentaci\u00f3n de diplomas de los 30 legisladores electos en el comicio realizado el 27 de octubre \u00faltimo tuvo lugar hoy en la Legislatura porte\u00f1a. Los mandatos de los legisladores comenzar\u00e1n a regir formalmente a partir del pr\u00f3ximo martes 10 de diciembre. Previamente a la jura de los legisladores, el pleno del [&hellip;]<\/p>\n","protected":false},"author":2,"featured_media":21136,"comment_status":"open","ping_status":"open","sticky":false,"template":"","format":"standard","meta":{"_et_pb_use_builder":"","_et_pb_old_content":"","_et_gb_content_width":"","footnotes":""},"categories":[11,44],"tags":[],"class_list":["post-21135","post","type-post","status-publish","format-standard","has-post-thumbnail","hentry","category-ciudad","category-funcionarios-de-la-caba"],"_links":{"self":[{"href":"https:\/\/vocesdebaires.com.ar\/index.php\/wp-json\/wp\/v2\/posts\/21135"}],"collection":[{"href":"https:\/\/vocesdebaires.com.ar\/index.php\/wp-json\/wp\/v2\/posts"}],"about":[{"href":"https:\/\/vocesdebaires.com.ar\/index.php\/wp-json\/wp\/v2\/types\/post"}],"author":[{"embeddable":true,"href":"https:\/\/vocesdebaires.com.ar\/index.php\/wp-json\/wp\/v2\/users\/2"}],"replies":[{"embeddable":true,"href":"https:\/\/vocesdebaires.com.ar\/index.php\/wp-json\/wp\/v2\/comments?post=21135"}],"version-history":[{"count":0,"href":"https:\/\/vocesdebaires.com.ar\/index.php\/wp-json\/wp\/v2\/posts\/21135\/revisions"}],"wp:featuredmedia":[{"embeddable":true,"href":"https:\/\/vocesdebaires.com.ar\/index.php\/wp-json\/wp\/v2\/media\/21136"}],"wp:attachment":[{"href":"https:\/\/vocesdebaires.com.ar\/index.php\/wp-json\/wp\/v2\/media?parent=21135"}],"wp:term":[{"taxonomy":"category","embeddable":true,"href":"https:\/\/vocesdebaires.com.ar\/index.php\/wp-json\/wp\/v2\/categories?post=21135"},{"taxonomy":"post_tag","embeddable":true,"href":"https:\/\/vocesdebaires.com.ar\/index.php\/wp-json\/wp\/v2\/tags?post=21135"}],"curies":[{"name":"wp","href":"https:\/\/api.w.org\/{rel}","templated":true}]}}