{"id":21143,"date":"2013-12-04T19:19:36","date_gmt":"2013-12-04T22:19:36","guid":{"rendered":"http:\/\/vocesdebaires.com.ar\/wordpress\/index.php\/2013\/12\/04\/la-creacion-de-un-instituto-de-calidad-educativa\/"},"modified":"2013-12-04T19:19:36","modified_gmt":"2013-12-04T22:19:36","slug":"la-creacion-de-un-instituto-de-calidad-educativa","status":"publish","type":"post","link":"https:\/\/vocesdebaires.com.ar\/index.php\/2013\/12\/04\/la-creacion-de-un-instituto-de-calidad-educativa\/","title":{"rendered":"La creaci\u00f3n de un Instituto de Calidad Educativa"},"content":{"rendered":"<p>\u00a0<br \/>\n El jefe de Gobierno de la Ciudad de Buenos Aires Mauricio Macri convoc\u00f3 hoy a la oposici\u00f3n porte\u00f1a a discutir la creaci\u00f3n de un Instituto de Calidad Educativa \u201ccon metas claras y espec\u00edficas\u201d y advirti\u00f3 que la Argentina \u201cnecesita poner a la educaci\u00f3n como eje central de debate para no seguir comprometiendo el futuro de nuestro pa\u00eds y de nuestros j\u00f3venes\u201d.<br \/>\n \u201cLos pa\u00edses que han colocado en el centro de su accionar al tema educativo han obtenido muy buenos resultados y ese es el camino que tenemos que seguir nosotros\u201d, afirm\u00f3 esta ma\u00f1ana durante una conferencia de prensa ofrecida en el microcine del Palacio municipal. Macri se pronunci\u00f3 en esos t\u00e9rminos al difundir junto a la vicejefe de Gobierno, Mar\u00eda Eugenia Vidal, y el ministro de Educaci\u00f3n, Esteban Bullrich, los resultados que arroj\u00f3 en la ciudad el informe PISA, la evaluaci\u00f3n internacional que analiza el rendimiento educativo de alumnos de 15 a\u00f1os en 65 pa\u00edses.<br \/>\n El Jefe de Gobierno sostuvo que el informe \u201cnos dice que, compar\u00e1ndonos con el resto del mundo, tenemos un problema, porque nuestros niveles educativos no son los que aspiramos\u201d. \u201cEn la Ciudad de Buenos Aires hemos avanzado mucho y eso se refleja en que estamos mejor evaluados que la Naci\u00f3n, pero tampoco nos alcanza, porque claramente queremos compararnos con los mejores pa\u00edses del mundo. Esa es la manera de garantizarle libertad y futuro a nuestros j\u00f3venes\u201d, subray\u00f3.<br \/>\n \u201cPor esa raz\u00f3n- agreg\u00f3- es fundamental un compromiso con la educaci\u00f3n p\u00fablica que sea compartido por la dirigencia pol\u00edtica y por toda la sociedad y que tenga metas claras y evaluables a\u00f1o tras a\u00f1o\u201d. Dijo que esa metodolog\u00eda debe darse \u201ca trav\u00e9s de un instituto independiente que fije par\u00e1metros exigentes para saber d\u00f3nde estamos y hacia d\u00f3nde vamos y que no sea un Indec manipulable por la pol\u00edtica\u201d. En l\u00ednea con esa idea el Jefe de Gobierno lanz\u00f3 una invitaci\u00f3n \u201ca la doctora (Elisa) Carri\u00f3, a (Mart\u00edn) Lousteau, a Pino Solanas y al partido radical, que han tenido un importante apoyo de la comunidad en las \u00faltimas elecciones, para que nos acompa\u00f1en en la creaci\u00f3n de este instituto\u201d.<br \/>\n Tambi\u00e9n manifest\u00f3 el deseo de que esa discusi\u00f3n se extienda \u201ca la Naci\u00f3n y a cada provincia\u201d. Explic\u00f3 espec\u00edficamente que en el caso de la Ciudad de Buenos Aires el acuerdo que propicia apuntar\u00e1 a lograr que en 2015 la totalidad de los chicos de 3, 4 y 5 a\u00f1os de edad est\u00e9n incluidos en el sistema p\u00fablico de educaci\u00f3n inicial y a que \u201creduzcamos dr\u00e1sticamente la brecha norte- sur\u201d. \u201cY la otra meta es que en el a\u00f1o 2018 reduzcamos la cantidad de chicos que no terminan el secundario a un cinco por ciento\u201d, indic\u00f3.<br \/>\n Macri se\u00f1al\u00f3 que reci\u00e9n cuando se cumplan esos objetivos \u201cvamos a poder decir que estamos en el promedio de las naciones evaluables entre los 30 mejores lugares\u201d. El informe PISA se\u00f1ala respecto de la Ciudad de Buenos Aires que los alumnos porte\u00f1os superaron al promedio del pa\u00eds en matem\u00e1ticas, ciencias y lectura y que Buenos Aires est\u00e1 segunda en Am\u00e9rica latina, ubicada solo debajo de Chile. La conferencia de prensa tambi\u00e9n cont\u00f3 con la presencia de la directora general de evaluaci\u00f3n de la calidad educativa, Silvia Montoya.<\/p>\n","protected":false},"excerpt":{"rendered":"<p>\u00a0 El jefe de Gobierno de la Ciudad de Buenos Aires Mauricio Macri convoc\u00f3 hoy a la oposici\u00f3n porte\u00f1a a discutir la creaci\u00f3n de un Instituto de Calidad Educativa \u201ccon metas claras y espec\u00edficas\u201d y advirti\u00f3 que la Argentina \u201cnecesita poner a la educaci\u00f3n como eje central de debate para no seguir comprometiendo el futuro [&hellip;]<\/p>\n","protected":false},"author":2,"featured_media":21144,"comment_status":"open","ping_status":"open","sticky":false,"template":"","format":"standard","meta":{"_et_pb_use_builder":"","_et_pb_old_content":"","_et_gb_content_width":"","footnotes":""},"categories":[11,44],"tags":[],"class_list":["post-21143","post","type-post","status-publish","format-standard","has-post-thumbnail","hentry","category-ciudad","category-funcionarios-de-la-caba"],"_links":{"self":[{"href":"https:\/\/vocesdebaires.com.ar\/index.php\/wp-json\/wp\/v2\/posts\/21143"}],"collection":[{"href":"https:\/\/vocesdebaires.com.ar\/index.php\/wp-json\/wp\/v2\/posts"}],"about":[{"href":"https:\/\/vocesdebaires.com.ar\/index.php\/wp-json\/wp\/v2\/types\/post"}],"author":[{"embeddable":true,"href":"https:\/\/vocesdebaires.com.ar\/index.php\/wp-json\/wp\/v2\/users\/2"}],"replies":[{"embeddable":true,"href":"https:\/\/vocesdebaires.com.ar\/index.php\/wp-json\/wp\/v2\/comments?post=21143"}],"version-history":[{"count":0,"href":"https:\/\/vocesdebaires.com.ar\/index.php\/wp-json\/wp\/v2\/posts\/21143\/revisions"}],"wp:featuredmedia":[{"embeddable":true,"href":"https:\/\/vocesdebaires.com.ar\/index.php\/wp-json\/wp\/v2\/media\/21144"}],"wp:attachment":[{"href":"https:\/\/vocesdebaires.com.ar\/index.php\/wp-json\/wp\/v2\/media?parent=21143"}],"wp:term":[{"taxonomy":"category","embeddable":true,"href":"https:\/\/vocesdebaires.com.ar\/index.php\/wp-json\/wp\/v2\/categories?post=21143"},{"taxonomy":"post_tag","embeddable":true,"href":"https:\/\/vocesdebaires.com.ar\/index.php\/wp-json\/wp\/v2\/tags?post=21143"}],"curies":[{"name":"wp","href":"https:\/\/api.w.org\/{rel}","templated":true}]}}