{"id":21152,"date":"2013-12-04T20:03:21","date_gmt":"2013-12-04T23:03:21","guid":{"rendered":"http:\/\/vocesdebaires.com.ar\/wordpress\/index.php\/2013\/12\/04\/el-viernes-argentina-conocera-sus-rivales\/"},"modified":"2013-12-04T20:03:21","modified_gmt":"2013-12-04T23:03:21","slug":"el-viernes-argentina-conocera-sus-rivales","status":"publish","type":"post","link":"https:\/\/vocesdebaires.com.ar\/index.php\/2013\/12\/04\/el-viernes-argentina-conocera-sus-rivales\/","title":{"rendered":"El viernes Argentina conocer\u00e1 sus rivales"},"content":{"rendered":"<p>\u00a0<br \/>\n El pr\u00f3ximo viernes, en tierra brasile\u00f1a, Argentina conocer\u00e1 sus rivales para el Mundial FIFA Brasil 2014, que se disputar\u00e1 entre el 12 de junio y 13 de julio del 2014. La ceremonia del Sorteo Final arrancar\u00e1 13 y se celebrar\u00e1 \u00a0en Costa do Sau\u00edpe, situado en Costa dos Coqueiros, 76 kil\u00f3metros al norte de su capital, Salvador. El Secretario General de la FIFA, J\u00e9r\u00f4me Valcke, ser\u00e1 el encargado de dirigir el sorteo y contar\u00e1 con la ayuda de unos asistentes de lujo: la leyenda uruguaya Alcides Ghiggia, el ingl\u00e9s Geoff Hurst, el brasile\u00f1o Cafu, el italiano Fabio Cannavaro, el argentino Mario Kempes, el espa\u00f1ol Fernando Hierro, el franc\u00e9s Zinedine Zidane y el alem\u00e1n Lothar Matthaeus.<br \/>\n Los cabeza se serie son Brasil, como pa\u00eds anfitri\u00f3n, y Alemania, Argentina, B\u00e9lgica, Colombia, Espa\u00f1a, Suiza y Uruguay, como las selecciones con mejor posici\u00f3n en la Clasificaci\u00f3n Mundial FIFA\/Coca-Cola del mes de octubre de 2013.<br \/>\n Los copones estar\u00e1n distribuidos de la siguiente manera<br \/>\nPote 1 (cabezas de serie)<br \/>\nPote 2 (selecciones de CAF y CONMEBOL)<br \/>\nArgelia, Camer\u00fan, Costa de Marfil, Ghana, Nigeria, Chile y Ecuador<br \/>\nPote 3 (selecciones de AFC y CONCACAF)<br \/>\nAustralia, Ir\u00e1n, Jap\u00f3n, Rep\u00fablica de Corea, Costa Rica, Honduras, M\u00e9xico y Estados Unidos<br \/>\nPote 4 (selecciones de UEFA)<br \/>\nBosnia-Herzegovina, Croacia, Inglaterra, Francia, Grecia, Italia, Pa\u00edses Bajos, Portugal, Rusia.<br \/>\n Los equipos del Pote 1 se asignar\u00e1n autom\u00e1ticamente a la posici\u00f3n 1 del grupo en el que hayan sido sorteados. Brasil quedar\u00e1 autom\u00e1ticamente en la posici\u00f3n 1 del Grupo A. El primer paso del sorteo ser\u00e1 sacar un equipo del Pote 4 -\u00fanico con 9 integrantes- y meterlo en el Pote 2, para equilibrar todas las zonas con ocho bolas. A continuaci\u00f3n se proceder\u00e1 con el Pote 1, situando a Brasil como 1 del Grupo A y el resto de los cabezas de serie seg\u00fan se sorteen quedar\u00e1n en la posici\u00f3n 1 de cada grupo de manera consecutiva hasta el H.<br \/>\n El Pote 2, con equipos de tres confederaciones, aumenta el riesgo de romper el principio de la separaci\u00f3n geogr\u00e1fica. Para evitar que haya un grupo con tres equipos europeos, se har\u00e1 lo siguiente: habr\u00e1 un Pote X con los cuatro equipos sudamericanos cabeza de serie. Se sacar\u00e1 una bola de este pote que determinar\u00e1 el grupo en el que ir\u00e1 el equipo europeo del pote 2. A continuaci\u00f3n se sortear\u00e1 el Pote 2. El equipo europeo ir\u00e1 al grupo ya determinado, y el resto ir\u00e1n completando los grupos del A al H secuencialmente. Hay que aclarar que se podr\u00edan saltar algunos grupos para respetar el principio de separaci\u00f3n geogr\u00e1fica, para evitar que Chile y Ecuador queden en zonas con equipos sudamericanos cabezas de serie.<br \/>\n Luego se sortear\u00e1n los Potes 3 y 4.<br \/>\n La posici\u00f3n de los equipos dentro de los grupos tambi\u00e9n ser\u00e1 sorteada (salvo la de los cabeza de serie, como ya mencionamos). La velada contar\u00e1 con varias actuaciones musicales: Alcione y Emicida, el d\u00fao Vanessa da Mata y Alexandre Pires, la c\u00e9lebre core\u00f3grafa Deborah Colker y los bahianos Margareth Menezes y Olodum.<br \/>\n La delegaci\u00f3n de la AFA, a la ceremonia del sorteo de la Copa Mundial de la FIFA \u2013 Brasil 2014, la integrar\u00e1n: Sr. Lu\u00eds Segura, Vicepresidente de la AFA, Sr. Daniel Angelici, miembro del Comit\u00e9 Ejecutivo de la AFA; Sr. Juan Carlos Crespi, Secretario de Selecciones Nacionales; Sr. Julio Ricardo Grondona, miembro del Comit\u00e9 Ejecutivo de la AFA; Dr. Carlos Bilardo, Director de Selecciones Nacionales; Sr. Alejandro Sabella, director t\u00e9cnico; Sr. Pablo Blanco, preparador f\u00edsico; Sr. Rub\u00e9n Moschella, Director del Complejo deportivo de Ezeiza; Sr. Lu\u00eds Castro, Jefe de Selecciones Nacionales y Sr. Emilio V\u00e1zquez, jefe de ticketing.<br \/>\n El sorteo en n\u00fameros<br \/>\n 2.700 ser\u00e1n las personas movilizadas para el acto. Adem\u00e1s de los 2.000 empleados de las empresas subcontratistas (encargados del montaje de las instalaciones, la limpieza y la restauraci\u00f3n, entre otros aspectos), 200 voluntarios ayudar\u00e1n a que todo transcurra sin problemas durante la noche del viernes. M\u00e1s de 300 agentes de seguridad tambi\u00e9n velar\u00e1n para que as\u00ed sea. 300 empleados de la FIFA har\u00e1n el viaje, y se unir\u00e1n a 200 brasile\u00f1os integrantes del Comit\u00e9 Organizador Local.<br \/>\n 9.000m2 es la superficie de la sala que albergar\u00e1 el sorteo final, un espacio en el que se dar\u00e1n cita en torno a 4.800 personas acreditadas. 30 radios, 17 de ellas brasile\u00f1as, as\u00ed como 79 cadenas de televisi\u00f3n (7 nacionales) se desplazar\u00e1n para cubrir un evento que ser\u00e1 retransmitido a casi 200 pa\u00edses.  36 son las toneladas que pesa el equipo de iluminaci\u00f3n. Har\u00e1n falta 11 kil\u00f3metros de cables, y 200 proyectores y 308 reflectores permitir\u00e1n iluminar el escenario. En cuanto al sonido, se necesitan 30.000 metros de cables. El equipo de v\u00eddeo, por su parte, pesa 20 toneladas, y llevar\u00e1 3.500 metros de cables el\u00e9ctricos y 2.000 metros de cables para se\u00f1ales. Por lo tanto, \u00a1habr\u00e1 en total casi 46 kil\u00f3metros de cableado!.<br \/>\n 580m2 es el tama\u00f1o del escenario al que saldr\u00e1n Cafu (Brasil), Ferando Hierro (Espa\u00f1a), Zinedine Zidane (Francia), Fabio Cannavaro (Italia), Lothar Matthaeus (Alemania), Alcides Ghiggia (Uruguay), Geoff Hurst (Inglaterra) y Mario Kempes (Argentina) para decidir el destino de los 32 equipos. Estos futbolistas \u201cde oro\u201d subir\u00e1n a una estructura de acero, que pesa unas 4 toneladas. 30 ser\u00e1n los seleccionadores de los equipos clasificados cuya presencia se espera en Costa do Sauipe este viernes 6 de diciembre. Faltar\u00e1n el t\u00e9cnico uruguayo, \u00d3scar Tab\u00e1rez, y el mexicano, Miguel Herrera.<\/p>\n","protected":false},"excerpt":{"rendered":"<p>\u00a0 El pr\u00f3ximo viernes, en tierra brasile\u00f1a, Argentina conocer\u00e1 sus rivales para el Mundial FIFA Brasil 2014, que se disputar\u00e1 entre el 12 de junio y 13 de julio del 2014. La ceremonia del Sorteo Final arrancar\u00e1 13 y se celebrar\u00e1 \u00a0en Costa do Sau\u00edpe, situado en Costa dos Coqueiros, 76 kil\u00f3metros al norte de [&hellip;]<\/p>\n","protected":false},"author":2,"featured_media":21153,"comment_status":"open","ping_status":"open","sticky":false,"template":"","format":"standard","meta":{"_et_pb_use_builder":"","_et_pb_old_content":"","_et_gb_content_width":"","footnotes":""},"categories":[14,49],"tags":[],"class_list":["post-21152","post","type-post","status-publish","format-standard","has-post-thumbnail","hentry","category-deportes","category-seleccion-argentina-2"],"_links":{"self":[{"href":"https:\/\/vocesdebaires.com.ar\/index.php\/wp-json\/wp\/v2\/posts\/21152"}],"collection":[{"href":"https:\/\/vocesdebaires.com.ar\/index.php\/wp-json\/wp\/v2\/posts"}],"about":[{"href":"https:\/\/vocesdebaires.com.ar\/index.php\/wp-json\/wp\/v2\/types\/post"}],"author":[{"embeddable":true,"href":"https:\/\/vocesdebaires.com.ar\/index.php\/wp-json\/wp\/v2\/users\/2"}],"replies":[{"embeddable":true,"href":"https:\/\/vocesdebaires.com.ar\/index.php\/wp-json\/wp\/v2\/comments?post=21152"}],"version-history":[{"count":0,"href":"https:\/\/vocesdebaires.com.ar\/index.php\/wp-json\/wp\/v2\/posts\/21152\/revisions"}],"wp:featuredmedia":[{"embeddable":true,"href":"https:\/\/vocesdebaires.com.ar\/index.php\/wp-json\/wp\/v2\/media\/21153"}],"wp:attachment":[{"href":"https:\/\/vocesdebaires.com.ar\/index.php\/wp-json\/wp\/v2\/media?parent=21152"}],"wp:term":[{"taxonomy":"category","embeddable":true,"href":"https:\/\/vocesdebaires.com.ar\/index.php\/wp-json\/wp\/v2\/categories?post=21152"},{"taxonomy":"post_tag","embeddable":true,"href":"https:\/\/vocesdebaires.com.ar\/index.php\/wp-json\/wp\/v2\/tags?post=21152"}],"curies":[{"name":"wp","href":"https:\/\/api.w.org\/{rel}","templated":true}]}}