{"id":21166,"date":"2013-12-05T18:59:30","date_gmt":"2013-12-05T21:59:30","guid":{"rendered":"http:\/\/vocesdebaires.com.ar\/wordpress\/index.php\/2013\/12\/05\/vidal-presento-en-el-san-martin-butacas-especiales\/"},"modified":"2013-12-05T18:59:30","modified_gmt":"2013-12-05T21:59:30","slug":"vidal-presento-en-el-san-martin-butacas-especiales","status":"publish","type":"post","link":"https:\/\/vocesdebaires.com.ar\/index.php\/2013\/12\/05\/vidal-presento-en-el-san-martin-butacas-especiales\/","title":{"rendered":"Vidal present\u00f3 en el San Mart\u00edn butacas especiales"},"content":{"rendered":"<p>\u00a0<br \/>\n La vicejefa de gobierno porte\u00f1o, Mar\u00eda Eugenia Vidal, present\u00f3 esta ma\u00f1ana las butacas adaptadas para personas con sobrepeso y obesidad m\u00f3rbida que se instalaron en la Sala Mart\u00edn Coronado del Complejo Teatral San Mart\u00edn. La iniciativa se lanz\u00f3 para facilitar el acceso a las personas con sobrepeso a las actividades culturales p\u00fablicas de la ciudad.<br \/>\n \u201cPara las personas muy obesas, algo tan simple como ir a ver un espect\u00e1culo se vuelve un problema real\u201d, remarc\u00f3 Vidal en la presentaci\u00f3n. \u201cPor falta de espacios adaptados, la mayor\u00eda de las personas con obesidad no salen de sus casas para poder hacer distintas actividades, como ir al cine o al teatro. Empezar a instalar butacas especiales para ellos, como hicimos hoy en el San Mart\u00edn, es un primer paso para incluirlos.\u201d Vidal se refiri\u00f3 tambi\u00e9n a la importancia de la prevenci\u00f3n como la mejor forma de cuidar la salud. \u201cTrabajamos para evitar casos y reducir los \u00edndices de sobrepeso. Pero nuestra tarea es contra la obesidad, no contra las personas obesas, para quienes trabajamos en temas de inclusi\u00f3n y en el cuidado de su salud.\u201d<br \/>\n A la presentaci\u00f3n de las butacas adaptadas del Teatro San Mart\u00edn tambi\u00e9n asistieron el Director General de Desarrollo Saludable de la ciudad, H\u00e9ctor Gatto, el doctor Alberto Cormillot, y un grupo de pacientes quienes manifestaron la necesidad de replicar este tipo de medidas en m\u00e1s salas de la ciudad.<br \/>\n\u00a0<\/p>\n","protected":false},"excerpt":{"rendered":"<p>\u00a0 La vicejefa de gobierno porte\u00f1o, Mar\u00eda Eugenia Vidal, present\u00f3 esta ma\u00f1ana las butacas adaptadas para personas con sobrepeso y obesidad m\u00f3rbida que se instalaron en la Sala Mart\u00edn Coronado del Complejo Teatral San Mart\u00edn. La iniciativa se lanz\u00f3 para facilitar el acceso a las personas con sobrepeso a las actividades culturales p\u00fablicas de la [&hellip;]<\/p>\n","protected":false},"author":2,"featured_media":21167,"comment_status":"open","ping_status":"open","sticky":false,"template":"","format":"standard","meta":{"_et_pb_use_builder":"","_et_pb_old_content":"","_et_gb_content_width":"","footnotes":""},"categories":[11,44],"tags":[],"class_list":["post-21166","post","type-post","status-publish","format-standard","has-post-thumbnail","hentry","category-ciudad","category-funcionarios-de-la-caba"],"_links":{"self":[{"href":"https:\/\/vocesdebaires.com.ar\/index.php\/wp-json\/wp\/v2\/posts\/21166"}],"collection":[{"href":"https:\/\/vocesdebaires.com.ar\/index.php\/wp-json\/wp\/v2\/posts"}],"about":[{"href":"https:\/\/vocesdebaires.com.ar\/index.php\/wp-json\/wp\/v2\/types\/post"}],"author":[{"embeddable":true,"href":"https:\/\/vocesdebaires.com.ar\/index.php\/wp-json\/wp\/v2\/users\/2"}],"replies":[{"embeddable":true,"href":"https:\/\/vocesdebaires.com.ar\/index.php\/wp-json\/wp\/v2\/comments?post=21166"}],"version-history":[{"count":0,"href":"https:\/\/vocesdebaires.com.ar\/index.php\/wp-json\/wp\/v2\/posts\/21166\/revisions"}],"wp:featuredmedia":[{"embeddable":true,"href":"https:\/\/vocesdebaires.com.ar\/index.php\/wp-json\/wp\/v2\/media\/21167"}],"wp:attachment":[{"href":"https:\/\/vocesdebaires.com.ar\/index.php\/wp-json\/wp\/v2\/media?parent=21166"}],"wp:term":[{"taxonomy":"category","embeddable":true,"href":"https:\/\/vocesdebaires.com.ar\/index.php\/wp-json\/wp\/v2\/categories?post=21166"},{"taxonomy":"post_tag","embeddable":true,"href":"https:\/\/vocesdebaires.com.ar\/index.php\/wp-json\/wp\/v2\/tags?post=21166"}],"curies":[{"name":"wp","href":"https:\/\/api.w.org\/{rel}","templated":true}]}}