{"id":21170,"date":"2013-12-05T19:23:23","date_gmt":"2013-12-05T22:23:23","guid":{"rendered":"http:\/\/vocesdebaires.com.ar\/wordpress\/index.php\/2013\/12\/05\/nueva-ley-de-exhibicion-y-publicidad-de-precios\/"},"modified":"2013-12-05T19:23:23","modified_gmt":"2013-12-05T22:23:23","slug":"nueva-ley-de-exhibicion-y-publicidad-de-precios","status":"publish","type":"post","link":"https:\/\/vocesdebaires.com.ar\/index.php\/2013\/12\/05\/nueva-ley-de-exhibicion-y-publicidad-de-precios\/","title":{"rendered":"Nueva Ley de Exhibici\u00f3n y Publicidad de Precios"},"content":{"rendered":"<p>\u00a0<br \/>\n  Por iniciativa del diputado Helio Rebot (PRO), la Legislatura porte\u00f1a aprob\u00f3 en su sesi\u00f3n de hoy la Ley de Exhibici\u00f3n y Publicidad de Precios, que tiene por objeto \u201cunificar la normativa dispersa al respecto\u201d, seg\u00fan expres\u00f3 el legislador, quien aclar\u00f3 que la ley sancionada demand\u00f3 \u201cun trabajo de varios meses, consensuado con todos los legisladores\u201d. Entre los puntos salientes de la nueva ley se obliga a verduler\u00edas, carnicer\u00edas, pescader\u00edas, panader\u00edas y casas de comidas para llevar, a \u201cefectuar la exhibici\u00f3n de precios mediante carteleras ubicadas en el interior de los locales en forma destacada y visible, en las que se har\u00e1n constar los precios por unidad de venta de los cortes y clases de carnes y sus derivados, clases de verduras, especies y cortes de pescados y mariscos, tipos de panes y facturas y las distintas variedades de comidas preparadas, respectivamente\u201d.<br \/>\n Con respecto al rubro farmacia, dicho comercio deber\u00e1 \u201cexhibir en su vidriera y\/o en el mostrador de atenci\u00f3n al p\u00fablico un cartel visible que indique si all\u00ed se controla o no la presi\u00f3n arterial en forma manual. En caso afirmativo deben precisarse los d\u00edas, horarios y costo del citado servicio\u201d. Asimismo, los establecimientos del rubro gastron\u00f3mico tendr\u00e1n que informar \u201csobre la existencia o no de Servicio de Mesa, Cubierto o similar. Dicha informaci\u00f3n deber\u00e1 realizarse, mediante la colocaci\u00f3n de un cartel visible en la entrada del establecimiento y en la carta del men\u00fa\u201d y aclara que \u201cen caso de la existencia del mismo, deber\u00e1 constar su costo\u201d. En cuanto a los anuncios publicitarios de venta de localidades para recitales ser\u00e1 \u201cobligatoria la menci\u00f3n de la raz\u00f3n social y domicilio legal del proveedor o responsable del servicio de venta de localidades y del organizador del evento musical, as\u00ed como tambi\u00e9n un n\u00famero de tel\u00e9fono\u201d, seg\u00fan se deja en claro en el art\u00edculo 28 de la nueva ley. El objeto de dicho art\u00edculo es evitar los inconvenientes registrados durante el \u00faltimo recital del m\u00fasico canadiense Justin Bieber realizado en noviembre, que fue suspendido y dej\u00f3 sin canalizar los reclamos de miles de asistentes al show.<\/p>\n","protected":false},"excerpt":{"rendered":"<p>\u00a0 Por iniciativa del diputado Helio Rebot (PRO), la Legislatura porte\u00f1a aprob\u00f3 en su sesi\u00f3n de hoy la Ley de Exhibici\u00f3n y Publicidad de Precios, que tiene por objeto \u201cunificar la normativa dispersa al respecto\u201d, seg\u00fan expres\u00f3 el legislador, quien aclar\u00f3 que la ley sancionada demand\u00f3 \u201cun trabajo de varios meses, consensuado con todos los [&hellip;]<\/p>\n","protected":false},"author":2,"featured_media":16393,"comment_status":"open","ping_status":"open","sticky":false,"template":"","format":"standard","meta":{"_et_pb_use_builder":"","_et_pb_old_content":"","_et_gb_content_width":"","footnotes":""},"categories":[11,44],"tags":[],"class_list":["post-21170","post","type-post","status-publish","format-standard","has-post-thumbnail","hentry","category-ciudad","category-funcionarios-de-la-caba"],"_links":{"self":[{"href":"https:\/\/vocesdebaires.com.ar\/index.php\/wp-json\/wp\/v2\/posts\/21170"}],"collection":[{"href":"https:\/\/vocesdebaires.com.ar\/index.php\/wp-json\/wp\/v2\/posts"}],"about":[{"href":"https:\/\/vocesdebaires.com.ar\/index.php\/wp-json\/wp\/v2\/types\/post"}],"author":[{"embeddable":true,"href":"https:\/\/vocesdebaires.com.ar\/index.php\/wp-json\/wp\/v2\/users\/2"}],"replies":[{"embeddable":true,"href":"https:\/\/vocesdebaires.com.ar\/index.php\/wp-json\/wp\/v2\/comments?post=21170"}],"version-history":[{"count":0,"href":"https:\/\/vocesdebaires.com.ar\/index.php\/wp-json\/wp\/v2\/posts\/21170\/revisions"}],"wp:featuredmedia":[{"embeddable":true,"href":"https:\/\/vocesdebaires.com.ar\/index.php\/wp-json\/wp\/v2\/media\/16393"}],"wp:attachment":[{"href":"https:\/\/vocesdebaires.com.ar\/index.php\/wp-json\/wp\/v2\/media?parent=21170"}],"wp:term":[{"taxonomy":"category","embeddable":true,"href":"https:\/\/vocesdebaires.com.ar\/index.php\/wp-json\/wp\/v2\/categories?post=21170"},{"taxonomy":"post_tag","embeddable":true,"href":"https:\/\/vocesdebaires.com.ar\/index.php\/wp-json\/wp\/v2\/tags?post=21170"}],"curies":[{"name":"wp","href":"https:\/\/api.w.org\/{rel}","templated":true}]}}