{"id":21171,"date":"2013-12-05T19:34:16","date_gmt":"2013-12-05T22:34:16","guid":{"rendered":"http:\/\/vocesdebaires.com.ar\/wordpress\/index.php\/2013\/12\/05\/la-oposicion-resiste-la-participacion-de-los-ciudadanos\/"},"modified":"2013-12-05T19:34:16","modified_gmt":"2013-12-05T22:34:16","slug":"la-oposicion-resiste-la-participacion-de-los-ciudadanos","status":"publish","type":"post","link":"https:\/\/vocesdebaires.com.ar\/index.php\/2013\/12\/05\/la-oposicion-resiste-la-participacion-de-los-ciudadanos\/","title":{"rendered":"La Oposici\u00f3n resiste la participaci\u00f3n de los ciudadanos"},"content":{"rendered":"<p>\u00a0<br \/>\n La legisladora del PRO Mar\u00eda Raquel Herrero mostr\u00f3 su mas profundo rechazo a los diferentes bloques de la oposici\u00f3n que no aprobaron que la Ley de Presupuesto Participativo pueda ser discutido y debatido en el Recinto. &quot;Los bloques que se llenan la boca hablando sobre la participaci\u00f3n de los ciudadanos no habilitaron la discusi\u00f3n en el recinto&quot;, afirm\u00f3 la Presidente de la Comisi\u00f3n de Descentralizaci\u00f3n. La Ley de Presupuesto Participativo es una deuda constitucional que ya lleva 17 a\u00f1os. Al punto tal que hace unas semanas, el Juez Guillermo Scheibler dictamin\u00f3 que se instrumenten adecuadamente los procedimientos participativos de consulta sobre las prioridades de asignaci\u00f3n de recursos que prev\u00e9 el art\u00edculo 52 de la Constituci\u00f3n de la Ciudad, hasta que la Legislatura lo reglamente. M\u00e1s all\u00e1 de eso, la comisi\u00f3n de Descentralizaci\u00f3n trabaj\u00f3 a lo largo de seis meses para que esa deuda con la ciudadan\u00eda pueda saldarse, sin embargo, algunos bloques de la oposici\u00f3n ni siquiera habilitaron la discusi\u00f3n.<br \/>\n &quot;Con esta ley les estamos dando a los ciudadanos una herramienta m\u00e1s para que sean parte con el objetivo de fijar las prioridades en las asignaciones de recursos, cumpliendo con lo que dice el art\u00edculo 52 de la Constituci\u00f3n de la Ciudad, pero qued\u00f3 claro que no todos quieren que los vecinos participen, m\u00e1s all\u00e1 de los discursos decorosos y demagogos que pueden dar&quot;, asegur\u00f3 la Diputada Herrero, quien agreg\u00f3: &quot;No quiero ser injusta y quiero agradecerle al bloque de la UCR y a algunos legisladores de otros espacios \u00a0que aportaron ideas para llegar a un texto de consenso entendiendo que es necesario una ley de estas caracter\u00edsticas&quot;.<br \/>\n Adem\u00e1s, Herrero manifest\u00f3 al respecto: &quot; La ley que proponemos es una ley marco, que da el puntapi\u00e9 inicial para seguir trabajando y mejorando la democracia participativa. Una democracia joven, que est\u00e1 cumpliendo apenas 30 a\u00f1os, que tiene mucho por mejorar y construir. Esta ley es un paso adelante en esa construcci\u00f3n democr\u00e1tica que todos buscamos&quot;. Cabe destacar que el Poder Ejecutivo ha demostrado la voluntad pol\u00edtica en estos temas. Fue el \u00fanico gobierno que descentraliz\u00f3, el \u00fanico que llamo a las elecciones de comunas y el \u00fanico que decidi\u00f3 dar una discusi\u00f3n concreta para que la Ciudad tenga una Ley de Presupuesto Participativo. &quot;Todas las leyes pueden mejorarse, lamentablemente nos encontramos con una oposici\u00f3n que no aport\u00f3 ideas sino que s\u00f3lo intent\u00f3 que no se discuta&quot;, coment\u00f3 la Presidente de la Comisi\u00f3n de Descentralizaci\u00f3n. Para finalizar, La Diputada del Pro Raquel Herrero asever\u00f3: &quot; Ning\u00fan gobierno antes tuvo la voluntad pol\u00edtica de llevar esta discusi\u00f3n al recinto por eso vamos a seguir insistiendo porque \u00a0tengo la tranquilidad, la seguridad y la convicci\u00f3n de estar saldando una deuda que a las claras se ve que no todos, no s\u00f3lo no quieren saldar, sino que ni siquiera quieren discutir&quot;.<br \/>\n\u00a0<br \/>\n\u00a0<br \/>\n\u00a0<\/p>\n","protected":false},"excerpt":{"rendered":"<p>\u00a0 La legisladora del PRO Mar\u00eda Raquel Herrero mostr\u00f3 su mas profundo rechazo a los diferentes bloques de la oposici\u00f3n que no aprobaron que la Ley de Presupuesto Participativo pueda ser discutido y debatido en el Recinto. &quot;Los bloques que se llenan la boca hablando sobre la participaci\u00f3n de los ciudadanos no habilitaron la discusi\u00f3n [&hellip;]<\/p>\n","protected":false},"author":2,"featured_media":16547,"comment_status":"open","ping_status":"open","sticky":false,"template":"","format":"standard","meta":{"_et_pb_use_builder":"","_et_pb_old_content":"","_et_gb_content_width":"","footnotes":""},"categories":[11,44],"tags":[],"class_list":["post-21171","post","type-post","status-publish","format-standard","has-post-thumbnail","hentry","category-ciudad","category-funcionarios-de-la-caba"],"_links":{"self":[{"href":"https:\/\/vocesdebaires.com.ar\/index.php\/wp-json\/wp\/v2\/posts\/21171"}],"collection":[{"href":"https:\/\/vocesdebaires.com.ar\/index.php\/wp-json\/wp\/v2\/posts"}],"about":[{"href":"https:\/\/vocesdebaires.com.ar\/index.php\/wp-json\/wp\/v2\/types\/post"}],"author":[{"embeddable":true,"href":"https:\/\/vocesdebaires.com.ar\/index.php\/wp-json\/wp\/v2\/users\/2"}],"replies":[{"embeddable":true,"href":"https:\/\/vocesdebaires.com.ar\/index.php\/wp-json\/wp\/v2\/comments?post=21171"}],"version-history":[{"count":0,"href":"https:\/\/vocesdebaires.com.ar\/index.php\/wp-json\/wp\/v2\/posts\/21171\/revisions"}],"wp:featuredmedia":[{"embeddable":true,"href":"https:\/\/vocesdebaires.com.ar\/index.php\/wp-json\/wp\/v2\/media\/16547"}],"wp:attachment":[{"href":"https:\/\/vocesdebaires.com.ar\/index.php\/wp-json\/wp\/v2\/media?parent=21171"}],"wp:term":[{"taxonomy":"category","embeddable":true,"href":"https:\/\/vocesdebaires.com.ar\/index.php\/wp-json\/wp\/v2\/categories?post=21171"},{"taxonomy":"post_tag","embeddable":true,"href":"https:\/\/vocesdebaires.com.ar\/index.php\/wp-json\/wp\/v2\/tags?post=21171"}],"curies":[{"name":"wp","href":"https:\/\/api.w.org\/{rel}","templated":true}]}}