{"id":21179,"date":"2013-12-06T12:52:50","date_gmt":"2013-12-06T15:52:50","guid":{"rendered":"http:\/\/vocesdebaires.com.ar\/wordpress\/index.php\/2013\/12\/06\/asientos-aptos-para-personas-que-padecen-obesidad\/"},"modified":"2013-12-06T12:52:50","modified_gmt":"2013-12-06T15:52:50","slug":"asientos-aptos-para-personas-que-padecen-obesidad","status":"publish","type":"post","link":"https:\/\/vocesdebaires.com.ar\/index.php\/2013\/12\/06\/asientos-aptos-para-personas-que-padecen-obesidad\/","title":{"rendered":"Asientos aptos para personas que padecen obesidad"},"content":{"rendered":"<p>\u00a0<br \/>\n  En la sesi\u00f3n de ayer, con dictamen de mayor\u00eda se aprob\u00f3 el proyecto de Ley que dispone que todo establecimiento privado con atenci\u00f3n al p\u00fablico y en todos los restaurantes, confiter\u00edas, bares, pubs de m\u00e1s de cincuenta metros cuadrados de superficie, que se encuentren en el \u00e1mbito de la Ciudad Aut\u00f3noma de Buenos Aires, deber\u00e1n disponer de asientos que sean aptos para personas que padecen de obesidad, sin ser oneroso para los mismos.<br \/>\nSe estableci\u00f3 que los asientos deber\u00e1n tener un ancho entre ejes de brazos no inferior a 0,80 m y la profundidad m\u00ednima deber\u00e1 ser de 0,70 m. Conservar\u00e1n las dem\u00e1s caracter\u00edsticas de construcci\u00f3n del tipo de asiento que haya en el lugar donde se encuentren, asegurando la resistencia adecuada al efecto, y deber\u00e1n estar dispuestos de manera tal que no conformen un sector especial. &quot;Adem\u00e1s de los padecimientos f\u00edsicos, estas personas sufren ciertos estigmas sociales que se producen por la discriminaci\u00f3n constante por parte de una sociedad que mira hacia otro lado y que s\u00f3lo se preocupa por fijar estereotipos, desatendiendo las necesidades de aquellas personas que no se ajustan a aquellos. Desde el \u00e1mbito de la Ciudad Aut\u00f3noma de Buenos Aires, adem\u00e1s de buscar el m\u00e9todo adecuado para la prevenci\u00f3n y tratamiento de la obesidad, se debe procurar que quienes padecen dicho trastorno puedan desenvolver sus actividades cotidianas de una manera normal, sin que la obesidad constituya para ellos un obst\u00e1culo para su normal desarrollo social&quot;, sostuvo el diputado Daniel Lipovetzky (PRO) que present\u00f3 la iniciativa que cont\u00f3 con dictamen de la Comisi\u00f3n de Defensa de Consumidores y Usuarios y finalmente result\u00f3 aprobada con 53 votos positivos.<\/p>\n","protected":false},"excerpt":{"rendered":"<p>\u00a0 En la sesi\u00f3n de ayer, con dictamen de mayor\u00eda se aprob\u00f3 el proyecto de Ley que dispone que todo establecimiento privado con atenci\u00f3n al p\u00fablico y en todos los restaurantes, confiter\u00edas, bares, pubs de m\u00e1s de cincuenta metros cuadrados de superficie, que se encuentren en el \u00e1mbito de la Ciudad Aut\u00f3noma de Buenos Aires, [&hellip;]<\/p>\n","protected":false},"author":2,"featured_media":16509,"comment_status":"open","ping_status":"open","sticky":false,"template":"","format":"standard","meta":{"_et_pb_use_builder":"","_et_pb_old_content":"","_et_gb_content_width":"","footnotes":""},"categories":[11,44],"tags":[],"class_list":["post-21179","post","type-post","status-publish","format-standard","has-post-thumbnail","hentry","category-ciudad","category-funcionarios-de-la-caba"],"_links":{"self":[{"href":"https:\/\/vocesdebaires.com.ar\/index.php\/wp-json\/wp\/v2\/posts\/21179"}],"collection":[{"href":"https:\/\/vocesdebaires.com.ar\/index.php\/wp-json\/wp\/v2\/posts"}],"about":[{"href":"https:\/\/vocesdebaires.com.ar\/index.php\/wp-json\/wp\/v2\/types\/post"}],"author":[{"embeddable":true,"href":"https:\/\/vocesdebaires.com.ar\/index.php\/wp-json\/wp\/v2\/users\/2"}],"replies":[{"embeddable":true,"href":"https:\/\/vocesdebaires.com.ar\/index.php\/wp-json\/wp\/v2\/comments?post=21179"}],"version-history":[{"count":0,"href":"https:\/\/vocesdebaires.com.ar\/index.php\/wp-json\/wp\/v2\/posts\/21179\/revisions"}],"wp:featuredmedia":[{"embeddable":true,"href":"https:\/\/vocesdebaires.com.ar\/index.php\/wp-json\/wp\/v2\/media\/16509"}],"wp:attachment":[{"href":"https:\/\/vocesdebaires.com.ar\/index.php\/wp-json\/wp\/v2\/media?parent=21179"}],"wp:term":[{"taxonomy":"category","embeddable":true,"href":"https:\/\/vocesdebaires.com.ar\/index.php\/wp-json\/wp\/v2\/categories?post=21179"},{"taxonomy":"post_tag","embeddable":true,"href":"https:\/\/vocesdebaires.com.ar\/index.php\/wp-json\/wp\/v2\/tags?post=21179"}],"curies":[{"name":"wp","href":"https:\/\/api.w.org\/{rel}","templated":true}]}}