{"id":21180,"date":"2013-12-06T12:56:44","date_gmt":"2013-12-06T15:56:44","guid":{"rendered":"http:\/\/vocesdebaires.com.ar\/wordpress\/index.php\/2013\/12\/06\/declaran-de-utilidad-publica-a-cinco-inmuebles\/"},"modified":"2013-12-06T12:56:44","modified_gmt":"2013-12-06T15:56:44","slug":"declaran-de-utilidad-publica-a-cinco-inmuebles","status":"publish","type":"post","link":"https:\/\/vocesdebaires.com.ar\/index.php\/2013\/12\/06\/declaran-de-utilidad-publica-a-cinco-inmuebles\/","title":{"rendered":"Declaran de utilidad p\u00fablica a cinco inmuebles"},"content":{"rendered":"<p>\u00a0<br \/>\n En la sesi\u00f3n de ayer jueves tambi\u00e9n se sancion\u00f3 la ley que declara de utilidad p\u00fablica y sujeto a ocupaci\u00f3n temporaria por dos a\u00f1os al inmueble ubicado en la calle Guemes 3657 del barrio de Palermo, donde estaba la empresa BIRQUE S.A. Se establece que debe ser destinado al funcionamiento de la Cooperativa de Trabajo &quot;La Pe\u00f1a del Colo&quot; Ltda. formada por los ex trabajadores de la empresa. Los autores de la iniciativa, Diputada Delia Bisutti (NE) y Diputado An\u00edbal Ibarra (FPP), expresaron en sus fundamentos: &quot;La calidez en la atenci\u00f3n y el cuidado en los registros de nuestra m\u00fasica popular, sumado al pintoresco fluir de argentinos y argentinas que llegan a expresarse tal cual son con sus t\u00edpicas costumbres de todo el pa\u00eds, convierten a La Pe\u00f1a del Colorado en uno de los \u00a0espacios m\u00e1s completos de Buenos Aires donde el visitante extranjero puede palpar la argentinidad sincera y c\u00e1lida&quot;. En el mismo sentido, se declar\u00f3 al inmueble sito en la avenida Boedo 1967\/1971, de propiedad de Bigudi S.A. de utilidad p\u00fablica y sujeto a expropiaci\u00f3n. Ser\u00e1 asignado al Instituto de la Vivienda de la Ciudad Aut\u00f3noma de Buenos Aires a los efectos de que sea destinado a la construcci\u00f3n de viviendas sociales, para lo cual se inscribir\u00e1 dicho inmueble como bien de uso privado. La diputada Mar\u00eda Elena Naddeo (FPP) es la impulsora del proyecto. Su tratamiento fue seguido por varias &quot;familias que habitan el edificio amenazadas de desalojo desde hace m\u00e1s de 20 a\u00f1os&quot;, destac\u00f3 la legisladora tras agradecer a sus pares el acompa\u00f1amiento.<br \/>\n Tambi\u00e9n sobre tablas y con texto consensuado se declar\u00f3 de entidad p\u00fablica al inmueble ubicado en la calle Chascom\u00fas 5240\/58, el que ser\u00e1 concedido a t\u00edtulo gratuito por el t\u00e9rmino de 20 a\u00f1os a la Asociaci\u00f3n Civil Centro Cultural y Tradicionalista &quot;El Fort\u00edn&quot;, quien lo destinar\u00e1 al funcionamiento del Centro Cultural Tradicionalista \u201cBajo la Cruz del Sur \u2013 El Fort\u00edn de Celia Rocha\u201d. Este centro est\u00e1 fuertemente arraigado en el barrio de Mataderos y fue creado el 16 de febrero de 1988. A partir de entonces, la instituci\u00f3n brinda a la comunidad diferentes actividades, con el prop\u00f3sito de perpetuar la cultura de las ra\u00edces folkl\u00f3ricas de la Patria. Se trata del \u00fanico centro tradicionalista que a\u00fan existe en la Ciudad. &quot;De todo lo expuesto, surge que tanto el solar como la instituci\u00f3n que en \u00e9l se a sienta representa un bien cultural de alto valor, fuertemente vinculado con la memoria colectiva del barrio de Mataderos, y de toda la Ciudad, resultando en el mejor inter\u00e9s de la Ciudad la adquisici\u00f3n del edificio en el que se asienta, a fin de preservar su funcionamiento par las generaciones venideras, incorpor\u00e1ndolas al \u00e1mbito de gesti\u00f3n del Estado&quot;, sostuvieron los diputados Dante Gullo y Juan Cabandi\u00e9 (FpV) en sus fundamentos. La Diputada del bloque Coalici\u00f3n C\u00edvica Roc\u00edo S\u00e1nchez And\u00eda present\u00f3 una iniciativa en el mismo sentido.<br \/>\n El inmueble ubicado en la calle Remedios de Escalada de San Mart\u00edn 2454 de la Ciudad de Buenos Aires fue declarado de utilidad p\u00fablica y sujeto a ocupaci\u00f3n temporaria por el t\u00e9rmino de dos a\u00f1os a trav\u00e9s de la aprobaci\u00f3n de un proyecto de ley presentado por el diputado Juan Cabandi\u00e9 (FpV). El predio y sus bienes muebles deben ser destinados al funcionamiento de la Cooperativa de Trabajo &quot;Ex Trabajadores de Dulce Carola Ltda.&quot; formada por los ex trabajadores de la ex empresa UNDERLEN SRL y Virtus SAIC, con la condici\u00f3n que la entidad contin\u00fae con la explotaci\u00f3n comercial que desarrollaba la mencionada empresa. Tambi\u00e9n se eximir\u00e1 a la Cooperativa del pago de todo impuesto, tasa, sellado o timbrado, que tenga origen en la tramitaci\u00f3n de las habilitaciones y certificaciones administrativas para la continuidad de la actividad des arrollada. &quot;La Cooperativa est\u00e1 conformada por 43 trabajadores con una vasta experiencia que les permite proyectar el emprendimiento en un contexto econ\u00f3mico favorable para la industria&quot;, afirm\u00f3 Cabandi\u00e9.<br \/>\n En tanto, se declar\u00f3 de utilidad p\u00fablica y sujeto a expropiaci\u00f3n definitiva en los t\u00e9rminos de la Ley N\u00ba 238, el inmueble sito en la calle Sol\u00eds 1815 del barrio de Constituci\u00f3n perteneciente al \u00e1mbito de la Comuna 1. Ser\u00e1 afectado al Ministerio de Educaci\u00f3n del Gobierno de la Ciudad, a los efectos de la continuaci\u00f3n del funcionamiento de la Escuela N\u00ba 4 del Distrito Escolar 5 &quot;Coronel de Marina Tom\u00e1s Espora&quot; en dicho predio. &quot;Tanto la disposici\u00f3n espacial de las instalaciones como su estructura funcional convierten al edificio en un espacio adecuado para la escolaridad de ni\u00f1as y ni\u00f1os. Entendemos que contar con el propio dar\u00eda sentido a la realizaci\u00f3n de obras de mejoramiento edilicio de mayor envergadura: construcci\u00f3n de salas de educaci\u00f3n inicial para ni\u00f1os y ni\u00f1as de 2 y 3 a\u00f1os que hoy pr \u00e1cticamente no tienen oferta; generar un espacio de usos m\u00faltiples y\/o patio cubierto para el desarrollo de las clases de educaci\u00f3n f\u00edsica sin interferir con el dictado de clases en los grados; dar albergue a nuevas actividades fuera del horario escolar; apertura de ofertas de educaci\u00f3n tanto formal como no formal, Talleres de Formaci\u00f3n Profesional, etc&quot;, sostuvieron en los fundamentos del proyecto la diputada Delia Bisutti (NE) y su par Francisco Nenna (FpV). Estos proyectos de leyes mocionados sobre tablas sin discursos fueron aprobados por 53 votos positivos. La Sesi\u00f3n Ordinaria comenz\u00f3 el tratamiento de un extenso temario a las 12:55 con la presencia de 31 diputados y en el estrado el Vicepresidente 1\u00ba, Diputado Cristian Ritondo (PRO).<\/p>\n","protected":false},"excerpt":{"rendered":"<p>\u00a0 En la sesi\u00f3n de ayer jueves tambi\u00e9n se sancion\u00f3 la ley que declara de utilidad p\u00fablica y sujeto a ocupaci\u00f3n temporaria por dos a\u00f1os al inmueble ubicado en la calle Guemes 3657 del barrio de Palermo, donde estaba la empresa BIRQUE S.A. Se establece que debe ser destinado al funcionamiento de la Cooperativa de [&hellip;]<\/p>\n","protected":false},"author":2,"featured_media":21181,"comment_status":"open","ping_status":"open","sticky":false,"template":"","format":"standard","meta":{"_et_pb_use_builder":"","_et_pb_old_content":"","_et_gb_content_width":"","footnotes":""},"categories":[11,44],"tags":[],"class_list":["post-21180","post","type-post","status-publish","format-standard","has-post-thumbnail","hentry","category-ciudad","category-funcionarios-de-la-caba"],"_links":{"self":[{"href":"https:\/\/vocesdebaires.com.ar\/index.php\/wp-json\/wp\/v2\/posts\/21180"}],"collection":[{"href":"https:\/\/vocesdebaires.com.ar\/index.php\/wp-json\/wp\/v2\/posts"}],"about":[{"href":"https:\/\/vocesdebaires.com.ar\/index.php\/wp-json\/wp\/v2\/types\/post"}],"author":[{"embeddable":true,"href":"https:\/\/vocesdebaires.com.ar\/index.php\/wp-json\/wp\/v2\/users\/2"}],"replies":[{"embeddable":true,"href":"https:\/\/vocesdebaires.com.ar\/index.php\/wp-json\/wp\/v2\/comments?post=21180"}],"version-history":[{"count":0,"href":"https:\/\/vocesdebaires.com.ar\/index.php\/wp-json\/wp\/v2\/posts\/21180\/revisions"}],"wp:featuredmedia":[{"embeddable":true,"href":"https:\/\/vocesdebaires.com.ar\/index.php\/wp-json\/wp\/v2\/media\/21181"}],"wp:attachment":[{"href":"https:\/\/vocesdebaires.com.ar\/index.php\/wp-json\/wp\/v2\/media?parent=21180"}],"wp:term":[{"taxonomy":"category","embeddable":true,"href":"https:\/\/vocesdebaires.com.ar\/index.php\/wp-json\/wp\/v2\/categories?post=21180"},{"taxonomy":"post_tag","embeddable":true,"href":"https:\/\/vocesdebaires.com.ar\/index.php\/wp-json\/wp\/v2\/tags?post=21180"}],"curies":[{"name":"wp","href":"https:\/\/api.w.org\/{rel}","templated":true}]}}