{"id":21182,"date":"2013-12-06T13:09:11","date_gmt":"2013-12-06T16:09:11","guid":{"rendered":"http:\/\/vocesdebaires.com.ar\/wordpress\/index.php\/2013\/12\/06\/edgardo-cenzon-reemplaza-a-diego-santilli\/"},"modified":"2013-12-06T13:09:11","modified_gmt":"2013-12-06T16:09:11","slug":"edgardo-cenzon-reemplaza-a-diego-santilli","status":"publish","type":"post","link":"https:\/\/vocesdebaires.com.ar\/index.php\/2013\/12\/06\/edgardo-cenzon-reemplaza-a-diego-santilli\/","title":{"rendered":"Edgardo Cenz\u00f3n reemplaza a Diego Santilli"},"content":{"rendered":"<p>\u00a0<br \/>\n El jefe de Gobierno de la Ciudad de Buenos Aires, Mauricio Macri, puso en funciones hoy al nuevo ministro de Ambiente y Espacio P\u00fablico, Edgardo Cenz\u00f3n, en reemplazo de Diego Santilli, quien asumir\u00e1 una banca como Senador de la Naci\u00f3n. Macri afirm\u00f3 que el nuevo funcionario \u201cproseguir\u00e1 con la buena labor de su antecesor y le dar\u00e1 muchas cosas positivas a la sociedad\u201d.  \u201cLe damos la bienvenida a Edgardo, quien ya formaba parte del equipo ministerial. Asume su nuevo cargo junto a un grupo de gente joven, ratificando nuestro enorme compromiso con el espacio p\u00fablico y la Ciudad Verde que queremos\u201d, afirm\u00f3 Macri. El acto se realiz\u00f3 en la sede de la Reserva Ecol\u00f3gica donde Macri estuvo acompa\u00f1ado por la vicejefe de Gobierno, Mar\u00eda Eugenia Vidal; el jefe de Gabinete porte\u00f1o, Horacio Rodr\u00edguez Larreta, y el ministro saliente Santilli.<br \/>\n A su vez, Cenz\u00f3n afirm\u00f3 que su objetivo ser\u00e1 \u201cdarle continuidad a la gesti\u00f3n y seguir con el plan de reducci\u00f3n de residuos y la separaci\u00f3n en origen como principales metas de gesti\u00f3n\u201d. \u201cLa pol\u00edtica del gobierno de Mauricio Macri es dar respuestas a los problemas que enfrenta la gente y que esto lo seguiremos logrando con trabajo y gesti\u00f3n. La pol\u00edtica es gesti\u00f3n, y la gesti\u00f3n es trabajo, con responsabilidad, buscando las mejores soluciones para la gente\u201d, a\u00f1adi\u00f3. Cenz\u00f3n ven\u00eda desempe\u00f1\u00e1ndose hasta hoy como Subsecretario de Higiene Urbana del Ministerio de Ambiente y Espacio P\u00fablico. Es licenciado en Econom\u00eda, egresado de la Universidad de Belgrano, con un postgrado de la Universidad Di Tella y fue durante diez a\u00f1os profesor de las universidades de Belgrano, UADE y UCA. Public\u00f3 libros sobre temas regulatorios en el \u00e1rea de telefon\u00eda y trabajos de investigaci\u00f3n sobre macroeconom\u00eda.<br \/>\n Fotos: Mat\u00edas Repetto Bonpland-GV\/GCBA y Marcelo Baiardi\/GCBA<\/p>\n","protected":false},"excerpt":{"rendered":"<p>\u00a0 El jefe de Gobierno de la Ciudad de Buenos Aires, Mauricio Macri, puso en funciones hoy al nuevo ministro de Ambiente y Espacio P\u00fablico, Edgardo Cenz\u00f3n, en reemplazo de Diego Santilli, quien asumir\u00e1 una banca como Senador de la Naci\u00f3n. Macri afirm\u00f3 que el nuevo funcionario \u201cproseguir\u00e1 con la buena labor de su antecesor [&hellip;]<\/p>\n","protected":false},"author":2,"featured_media":21183,"comment_status":"open","ping_status":"open","sticky":false,"template":"","format":"standard","meta":{"_et_pb_use_builder":"","_et_pb_old_content":"","_et_gb_content_width":"","footnotes":""},"categories":[11,44],"tags":[],"class_list":["post-21182","post","type-post","status-publish","format-standard","has-post-thumbnail","hentry","category-ciudad","category-funcionarios-de-la-caba"],"_links":{"self":[{"href":"https:\/\/vocesdebaires.com.ar\/index.php\/wp-json\/wp\/v2\/posts\/21182"}],"collection":[{"href":"https:\/\/vocesdebaires.com.ar\/index.php\/wp-json\/wp\/v2\/posts"}],"about":[{"href":"https:\/\/vocesdebaires.com.ar\/index.php\/wp-json\/wp\/v2\/types\/post"}],"author":[{"embeddable":true,"href":"https:\/\/vocesdebaires.com.ar\/index.php\/wp-json\/wp\/v2\/users\/2"}],"replies":[{"embeddable":true,"href":"https:\/\/vocesdebaires.com.ar\/index.php\/wp-json\/wp\/v2\/comments?post=21182"}],"version-history":[{"count":0,"href":"https:\/\/vocesdebaires.com.ar\/index.php\/wp-json\/wp\/v2\/posts\/21182\/revisions"}],"wp:featuredmedia":[{"embeddable":true,"href":"https:\/\/vocesdebaires.com.ar\/index.php\/wp-json\/wp\/v2\/media\/21183"}],"wp:attachment":[{"href":"https:\/\/vocesdebaires.com.ar\/index.php\/wp-json\/wp\/v2\/media?parent=21182"}],"wp:term":[{"taxonomy":"category","embeddable":true,"href":"https:\/\/vocesdebaires.com.ar\/index.php\/wp-json\/wp\/v2\/categories?post=21182"},{"taxonomy":"post_tag","embeddable":true,"href":"https:\/\/vocesdebaires.com.ar\/index.php\/wp-json\/wp\/v2\/tags?post=21182"}],"curies":[{"name":"wp","href":"https:\/\/api.w.org\/{rel}","templated":true}]}}