{"id":21192,"date":"2013-12-06T15:50:46","date_gmt":"2013-12-06T18:50:46","guid":{"rendered":"http:\/\/vocesdebaires.com.ar\/wordpress\/index.php\/2013\/12\/06\/basura-cero-mas-obligaciones-para-grandes-generadores\/"},"modified":"2013-12-06T15:50:46","modified_gmt":"2013-12-06T18:50:46","slug":"basura-cero-mas-obligaciones-para-grandes-generadores","status":"publish","type":"post","link":"https:\/\/vocesdebaires.com.ar\/index.php\/2013\/12\/06\/basura-cero-mas-obligaciones-para-grandes-generadores\/","title":{"rendered":"Basura Cero: m\u00e1s obligaciones para grandes generadores"},"content":{"rendered":"<p>\u00a0<br \/>\n La legislatura de la Ciudad Aut\u00f3noma de Buenos Aires sancion\u00f3 una norma que modifica la Ley N\u00ba 1854 &#8211; llamada de Basura Cero &#8211; de manera que los generadores de residuos s\u00f3lidos urbanos en adelante son clasificados en individuales y especiales, concordante con el art\u00edculo 11 de la Ley Nacional N\u00ba 25.916 y los especiales -es decir los grandes generadores- deber\u00e1n hacerse cargo del transporte. El objetivo, mas all\u00e1 de generalizar una pr\u00e1ctica y una cultura de separaci\u00f3n en origen de los materiales desechados, es discernir claramente entre los grandes generadores de residuos y los consumidores, y establecer as\u00ed obligaciones diferentes; &quot;por ello es necesario redefinir e implementar las obligaciones espec\u00edficas de los llamados generadores especiales, e incluir entre los mismos a todo aquel emprendimiento comercial que produzca m\u00e1s de 1000 kilogramos de residuos al mes, en consonancia con la Ley 14.273\/11 de la Provincia de Buenos Aires&quot;, expresan los fundamentos de la ley.<br \/>\nDeber\u00e1n adoptar medidas tendientes a disminuir la cantidad de residuos s\u00f3lidos urbanos que generan, y separar y clasificar los residuos en origen los siguientes &quot;generadores especiales de desechos&quot;: Hoteles de 4 y 5 estrellas; edificios sujetos al r\u00e9gimen de la propiedad horizontal que posean m\u00e1s de 40 unidades funcionales; Bancos, Entidades Financieras y Aseguradoras; Supermercados, Minimercados, Autoservicios e Hipermercados; Shoppings, galer\u00edas comerciales y Centros Comerciales a Cielo Abierto; Centros Educativos Privados en todos sus niveles; Universidades de gesti\u00f3n p\u00fablica; locales que posean una concurrencia de m\u00e1s de 300 personas por eventos; Comercios, Industrias y toda otra actividad privada comercial que genere m\u00e1s de 500 litros por d\u00eda; Edificios P\u00fablicos radicados en la Ciudad Aut\u00f3noma de Buenos Aires y establecimientos pertenecientes a una Cadena Comercial, ente ndi\u00e9ndose por \u00e9sta al conjunto de m\u00e1s de cinco establecimientos que se encuentren identificados bajo una misma marca comercial, sin distinci\u00f3n de su condici\u00f3n individual de sucursal o franquicia. Quienes sean alcanzados por la presente modificaci\u00f3n deber\u00e1n inscribirse en el Registro de Generadores Especiales del Ministerio de Ambiente y Espacio P\u00fablico de la Ciudad Aut\u00f3noma de Buenos Aires -o registro que lo reemplace- e incorporarse al programa de generadores privados de la Coordinaci\u00f3n Ecol\u00f3gica \u00c1rea Metropolitana Sociedad del Estado (CEAMSE), debiendo costear el transporte y disposici\u00f3n final de la fracci\u00f3n h\u00fameda de residuos por ellos producidos. La ley impulsada por la diputada Claudia Neira (FpV) con texto consensuado result\u00f3 aprobada sobre tablas sin discursos con 53 votos.<\/p>\n","protected":false},"excerpt":{"rendered":"<p>\u00a0 La legislatura de la Ciudad Aut\u00f3noma de Buenos Aires sancion\u00f3 una norma que modifica la Ley N\u00ba 1854 &#8211; llamada de Basura Cero &#8211; de manera que los generadores de residuos s\u00f3lidos urbanos en adelante son clasificados en individuales y especiales, concordante con el art\u00edculo 11 de la Ley Nacional N\u00ba 25.916 y los [&hellip;]<\/p>\n","protected":false},"author":2,"featured_media":21193,"comment_status":"open","ping_status":"open","sticky":false,"template":"","format":"standard","meta":{"_et_pb_use_builder":"","_et_pb_old_content":"","_et_gb_content_width":"","footnotes":""},"categories":[11,44],"tags":[],"class_list":["post-21192","post","type-post","status-publish","format-standard","has-post-thumbnail","hentry","category-ciudad","category-funcionarios-de-la-caba"],"_links":{"self":[{"href":"https:\/\/vocesdebaires.com.ar\/index.php\/wp-json\/wp\/v2\/posts\/21192"}],"collection":[{"href":"https:\/\/vocesdebaires.com.ar\/index.php\/wp-json\/wp\/v2\/posts"}],"about":[{"href":"https:\/\/vocesdebaires.com.ar\/index.php\/wp-json\/wp\/v2\/types\/post"}],"author":[{"embeddable":true,"href":"https:\/\/vocesdebaires.com.ar\/index.php\/wp-json\/wp\/v2\/users\/2"}],"replies":[{"embeddable":true,"href":"https:\/\/vocesdebaires.com.ar\/index.php\/wp-json\/wp\/v2\/comments?post=21192"}],"version-history":[{"count":0,"href":"https:\/\/vocesdebaires.com.ar\/index.php\/wp-json\/wp\/v2\/posts\/21192\/revisions"}],"wp:featuredmedia":[{"embeddable":true,"href":"https:\/\/vocesdebaires.com.ar\/index.php\/wp-json\/wp\/v2\/media\/21193"}],"wp:attachment":[{"href":"https:\/\/vocesdebaires.com.ar\/index.php\/wp-json\/wp\/v2\/media?parent=21192"}],"wp:term":[{"taxonomy":"category","embeddable":true,"href":"https:\/\/vocesdebaires.com.ar\/index.php\/wp-json\/wp\/v2\/categories?post=21192"},{"taxonomy":"post_tag","embeddable":true,"href":"https:\/\/vocesdebaires.com.ar\/index.php\/wp-json\/wp\/v2\/tags?post=21192"}],"curies":[{"name":"wp","href":"https:\/\/api.w.org\/{rel}","templated":true}]}}