{"id":21194,"date":"2013-12-06T16:01:59","date_gmt":"2013-12-06T19:01:59","guid":{"rendered":"http:\/\/vocesdebaires.com.ar\/wordpress\/index.php\/2013\/12\/06\/vidal-participo-de-la-cena-a-beneficio\/"},"modified":"2013-12-06T16:01:59","modified_gmt":"2013-12-06T19:01:59","slug":"vidal-participo-de-la-cena-a-beneficio","status":"publish","type":"post","link":"https:\/\/vocesdebaires.com.ar\/index.php\/2013\/12\/06\/vidal-participo-de-la-cena-a-beneficio\/","title":{"rendered":"Vidal particip\u00f3 de la cena a beneficio"},"content":{"rendered":"<p>\u00a0<br \/>\n La vicejefa de gobierno porte\u00f1o, Mar\u00eda Eugenia Vidal, particip\u00f3 junto con el jefe de gobierno Mauricio Macri de la cena anual a beneficio de la Fundaci\u00f3n Los Piletones, que se realiz\u00f3 anoche en el barrio porte\u00f1o de San Crist\u00f3bal. Todo lo recaudado en la cena solidaria, a la que tambi\u00e9n asisti\u00f3 la ministra de Desarrollo Social Carolina Stanley, ser\u00e1 destinado a la obra que lleva adelante Margarita Barrientos en Villa Soldati. All\u00ed, su Fundaci\u00f3n mantiene el comedor Los Piletones, la Guarder\u00eda San Cayetano, el Centro de Salud \u201c\u00c1ngela Palmisano\u201d y un centro de d\u00eda para abuelos.<br \/>\n Margarita Barrientos fund\u00f3 el comedor Los Piletones en 1996. Fue elegida Mujer del a\u00f1o en 1999 y nombrada Ciudadana ilustre de la ciudad de Buenos Aires en 2011. Tambi\u00e9n recibi\u00f3 el galard\u00f3n Domingo Faustino Sarmiento a las mujeres destacadas argentinas por el Senado de la Naci\u00f3n Argentina. En la foto: Mar\u00eda Eugenia Vidal junto con Juliana Awada, Margarita Barrientos, Mauricio Macri, y Carolina Stanley.<\/p>\n","protected":false},"excerpt":{"rendered":"<p>\u00a0 La vicejefa de gobierno porte\u00f1o, Mar\u00eda Eugenia Vidal, particip\u00f3 junto con el jefe de gobierno Mauricio Macri de la cena anual a beneficio de la Fundaci\u00f3n Los Piletones, que se realiz\u00f3 anoche en el barrio porte\u00f1o de San Crist\u00f3bal. Todo lo recaudado en la cena solidaria, a la que tambi\u00e9n asisti\u00f3 la ministra de [&hellip;]<\/p>\n","protected":false},"author":2,"featured_media":21195,"comment_status":"open","ping_status":"open","sticky":false,"template":"","format":"standard","meta":{"_et_pb_use_builder":"","_et_pb_old_content":"","_et_gb_content_width":"","footnotes":""},"categories":[11,44],"tags":[],"class_list":["post-21194","post","type-post","status-publish","format-standard","has-post-thumbnail","hentry","category-ciudad","category-funcionarios-de-la-caba"],"_links":{"self":[{"href":"https:\/\/vocesdebaires.com.ar\/index.php\/wp-json\/wp\/v2\/posts\/21194"}],"collection":[{"href":"https:\/\/vocesdebaires.com.ar\/index.php\/wp-json\/wp\/v2\/posts"}],"about":[{"href":"https:\/\/vocesdebaires.com.ar\/index.php\/wp-json\/wp\/v2\/types\/post"}],"author":[{"embeddable":true,"href":"https:\/\/vocesdebaires.com.ar\/index.php\/wp-json\/wp\/v2\/users\/2"}],"replies":[{"embeddable":true,"href":"https:\/\/vocesdebaires.com.ar\/index.php\/wp-json\/wp\/v2\/comments?post=21194"}],"version-history":[{"count":0,"href":"https:\/\/vocesdebaires.com.ar\/index.php\/wp-json\/wp\/v2\/posts\/21194\/revisions"}],"wp:featuredmedia":[{"embeddable":true,"href":"https:\/\/vocesdebaires.com.ar\/index.php\/wp-json\/wp\/v2\/media\/21195"}],"wp:attachment":[{"href":"https:\/\/vocesdebaires.com.ar\/index.php\/wp-json\/wp\/v2\/media?parent=21194"}],"wp:term":[{"taxonomy":"category","embeddable":true,"href":"https:\/\/vocesdebaires.com.ar\/index.php\/wp-json\/wp\/v2\/categories?post=21194"},{"taxonomy":"post_tag","embeddable":true,"href":"https:\/\/vocesdebaires.com.ar\/index.php\/wp-json\/wp\/v2\/tags?post=21194"}],"curies":[{"name":"wp","href":"https:\/\/api.w.org\/{rel}","templated":true}]}}