{"id":21200,"date":"2013-12-09T13:26:51","date_gmt":"2013-12-09T16:26:51","guid":{"rendered":"http:\/\/vocesdebaires.com.ar\/wordpress\/index.php\/2013\/12\/09\/visita-de-una-delegacion-vietnamita\/"},"modified":"2013-12-09T13:26:51","modified_gmt":"2013-12-09T16:26:51","slug":"visita-de-una-delegacion-vietnamita","status":"publish","type":"post","link":"https:\/\/vocesdebaires.com.ar\/index.php\/2013\/12\/09\/visita-de-una-delegacion-vietnamita\/","title":{"rendered":"Visita de una Delegaci\u00f3n vietnamita"},"content":{"rendered":"<p>\u00a0<br \/>\n El Embajador de la Rep\u00fablica Socialista de Vietnam, D. Nguyen Van Dao y una Delegaci\u00f3n de la Comisi\u00f3n de Legislaci\u00f3n de la Asamblea Nacional de aquel pa\u00eds asi\u00e1tico visitaron la Legislatura de la Ciudad Aut\u00f3noma de Buenos Aires.  Los visitantes, encabezados por el vicepresidente de la comisi\u00f3n con rango de viceministro, junto a tres miembros, el director y un experto del departamento de Asuntos Jur\u00eddicos de la Oficina de la Asamblea Nacional, intercambiaron temas de inter\u00e9s con diputados y funcionarios porte\u00f1os en el Sal\u00f3n Eva Per\u00f3n del Palacio Legislativo.<br \/>\nDurante el evento organizado por la Subsecretar\u00eda de Fortalecimiento e Intercambio Institucional se abordaron tem\u00e1ticas relacionadas con la estructura organizativa y funcional de la Legislatura, as\u00ed como de procedimiento y supervisi\u00f3n legislativa, instituciones de apoyo, participaci\u00f3n ciudadana y organizaci\u00f3n de referendums y la organizaci\u00f3n y el funcionamiento de los consejales locales. Luego se realiz\u00f3 un intercambio de presentes entre los funcionarios locales y las autoridades vietnamitas.<br \/>\nPresidi\u00f3 la recepci\u00f3n el Vicepresidente 2\u00ba de la Legislatura, diputado Juan Carlos Dante Gullo (FpV) y participaron la diputada L\u00eda Rueda (PRO), presidenta de la Comisi\u00f3n de Cultura; su par Virginia Gonz\u00e1lez Gass (PSur), los subsecretarios de Fortalecimiento, Pablo Alejandro Garzonio y de Enlace Administrativo, Mat\u00edas Ranzini, entre otros.<br \/>\nUna de las naciones m\u00e1s importantes del planeta<br \/>\nVietnam es un pa\u00eds situado en la pen\u00ednsula Indochina, en el Sudeste Asi\u00e1tico, cuyo sistema de gobierno es la rep\u00fablica socialista unipartidista. Su territorio se divide en 58 provincias y cinco municipalidades controladas centralmente, en el mismo nivel que las provincias. Y las provincias se dividen en distritos, ciudades de provincia y ciudades que a su vez se subdividen en ciudades o municipios. Las municipalidades controladas centralmente, se fraccionan en distritos rurales y urbanos, que a su vez se subdividen en salas. La capital vietnamita es Han\u00f3i y la ciudad m\u00e1s poblada es Ho Chi Minh. Vietnam tiene m\u00e1s de 91 millones de personas, lo que lo coloca en el puesto 13\u00ba de los pa\u00edses m\u00e1s poblados del mundo y adem\u00e1s figura en la lista de los Pr\u00f3ximos Once, es decir los once pa\u00edses del planeta que se presentan como econom\u00edas promisorias para la inversi\u00f3n y para un futuro crecimiento econ\u00f3mico.<br \/>\n\u00a0<br \/>\nFoto- El Vicepresidente II, Diputado Dante Gullo (FpV), le entreg\u00f3 un obsequio al embajador vietnamita.<\/p>\n","protected":false},"excerpt":{"rendered":"<p>\u00a0 El Embajador de la Rep\u00fablica Socialista de Vietnam, D. Nguyen Van Dao y una Delegaci\u00f3n de la Comisi\u00f3n de Legislaci\u00f3n de la Asamblea Nacional de aquel pa\u00eds asi\u00e1tico visitaron la Legislatura de la Ciudad Aut\u00f3noma de Buenos Aires. Los visitantes, encabezados por el vicepresidente de la comisi\u00f3n con rango de viceministro, junto a tres [&hellip;]<\/p>\n","protected":false},"author":2,"featured_media":21201,"comment_status":"open","ping_status":"open","sticky":false,"template":"","format":"standard","meta":{"_et_pb_use_builder":"","_et_pb_old_content":"","_et_gb_content_width":"","footnotes":""},"categories":[11,44],"tags":[],"class_list":["post-21200","post","type-post","status-publish","format-standard","has-post-thumbnail","hentry","category-ciudad","category-funcionarios-de-la-caba"],"_links":{"self":[{"href":"https:\/\/vocesdebaires.com.ar\/index.php\/wp-json\/wp\/v2\/posts\/21200"}],"collection":[{"href":"https:\/\/vocesdebaires.com.ar\/index.php\/wp-json\/wp\/v2\/posts"}],"about":[{"href":"https:\/\/vocesdebaires.com.ar\/index.php\/wp-json\/wp\/v2\/types\/post"}],"author":[{"embeddable":true,"href":"https:\/\/vocesdebaires.com.ar\/index.php\/wp-json\/wp\/v2\/users\/2"}],"replies":[{"embeddable":true,"href":"https:\/\/vocesdebaires.com.ar\/index.php\/wp-json\/wp\/v2\/comments?post=21200"}],"version-history":[{"count":0,"href":"https:\/\/vocesdebaires.com.ar\/index.php\/wp-json\/wp\/v2\/posts\/21200\/revisions"}],"wp:featuredmedia":[{"embeddable":true,"href":"https:\/\/vocesdebaires.com.ar\/index.php\/wp-json\/wp\/v2\/media\/21201"}],"wp:attachment":[{"href":"https:\/\/vocesdebaires.com.ar\/index.php\/wp-json\/wp\/v2\/media?parent=21200"}],"wp:term":[{"taxonomy":"category","embeddable":true,"href":"https:\/\/vocesdebaires.com.ar\/index.php\/wp-json\/wp\/v2\/categories?post=21200"},{"taxonomy":"post_tag","embeddable":true,"href":"https:\/\/vocesdebaires.com.ar\/index.php\/wp-json\/wp\/v2\/tags?post=21200"}],"curies":[{"name":"wp","href":"https:\/\/api.w.org\/{rel}","templated":true}]}}