{"id":21202,"date":"2013-12-09T13:37:50","date_gmt":"2013-12-09T16:37:50","guid":{"rendered":"http:\/\/vocesdebaires.com.ar\/wordpress\/index.php\/2013\/12\/09\/audiencias-publicas-para-asignaciones-de-cargos-publicos\/"},"modified":"2013-12-09T13:37:50","modified_gmt":"2013-12-09T16:37:50","slug":"audiencias-publicas-para-asignaciones-de-cargos-publicos","status":"publish","type":"post","link":"https:\/\/vocesdebaires.com.ar\/index.php\/2013\/12\/09\/audiencias-publicas-para-asignaciones-de-cargos-publicos\/","title":{"rendered":"Audiencias P\u00fablicas para asignaciones de cargos p\u00fablicos"},"content":{"rendered":"<p>\u00a0<br \/>\n Los candidatos a cubrir los puestos disponibles en importantes instituciones p\u00fablicas de la Ciudad Aut\u00f3noma de Buenos Aires se presentaron en el Sal\u00f3n Dorado del Palacio Legislativo para asistir a las correspondientes Audiencias P\u00fablicas, todas presididas por el presidente de la Junta parlamentaria de \u00c9tica, Acuerdos y Organismos de Control, diputado Jorge Garayalde (PRO).<br \/>\nAuditor\u00eda General<br \/>\nPara cubrir el cargo de Auditor General de la Ciudad de Buenos Aires que dej\u00f3 vacante la diputada electa Dra. Paula Oliveto, a las 9 hs. se present\u00f3 el postulante Ing. Juan Facundo Del Gaiso, DNI 23.780.152 quien expuso una s\u00edntesis de su carrera profesional sin que haya objeciones por parte de los legisladores.<br \/>\nEnte \u00danico Regulador de los Servicios P\u00fablicos<br \/>\nMediante el expediente N\u00ba 2708-J-2013 el Jefe de Gobierno, Mauricio Macri, envi\u00f3 la postulaci\u00f3n de la Dra. Paola Michielotto a la presidencia del Ente, que ya tuvo su audiencia el 29 de noviembre pasado. A su vez, los bloques de la Legislatura Porte\u00f1a presentaron sus candidatos a miembros del Directorio y distintas Asociaciones de Consumidores tambi\u00e9n hicieron lo propio. Los candidatos propuestos ante la Junta de \u00c9tica fueron el Dr. Fernando Adri\u00e1n Barrera, DNI 21.731.368; la Dra. Martina Eduarda David, DNI 6.252.741; el Dr. Antonio Rub\u00e9n Campos, DNI 8.447.559; la Dra. Mar\u00eda Alejandra Goldsack, DNI 14.524.479; el Dr. Julio C\u00e9sar Antonio Raffo, DNI 4.439.036; la Dra. Mar\u00eda Am\u00e9rica Gonz\u00e1lez, DNI 5.776.707; el Ing. Adri\u00e1n Rodolfo Camps, DNI 10.217.204 y el Dr. Fernando Mario Laur\u00eda, DNI 25.683.675.<br \/>\nA partir de las 11 horas en sus intervenciones el actual diputado Campos (UCR) asegur\u00f3 que &quot;el Ente no debe ser un instituci\u00f3n centralizada en la Ciudad ya que es muy importante y hay que reformarla con un abordaje real de c\u00f3mo se manejan las empresas. Tambi\u00e9n hay que comenzar a profundizar la tem\u00e1tica del derecho&quot;. Por su parte, la Dra. Mar\u00eda Alejandra Goldsack, abogada y mediadora propuesta para el cargo de directora, cont\u00f3 que hace diez a\u00f1os trabaja en el organismo y comparti\u00f3 algunas de sus propuestas: &quot;Hay que generar mecanismos internos de comunicaci\u00f3n internos para mejorar la misma, y tambi\u00e9n hacerlo con herramientas tecnol\u00f3gicas. Y en cuanto a la Legislatura, creo que debemos trabajar coordinadamente junto a las comisiones que traten temas relacionados con el Ente Regulador de la Ciudad&quot;, afirm\u00f3.<br \/>\nEn tanto, el actual legislador Raffo (PSur) repas\u00f3 su biograf\u00eda y asegur\u00f3 que &quot;la defensa del bien p\u00fablico debe ser considerada como un derecho humano&quot;. Adem\u00e1s agreg\u00f3 que si consigue el cargo se compromete a visitar regularmente las instituciones que defienden el medioambiente para escucharlas y trabajar junto a ellas. Y la diputada Gonz\u00e1lez (BApT), cuyo mandato tambi\u00e9n finalizar\u00e1 el 10 de este mes, se mostr\u00f3 dispuesta a trabajar arduamente como miembro del Ente: &quot;Quisiera colaborar en el avance de esta instituci\u00f3n junto a mi equipo. Acompa\u00f1o con ideas y me gustar\u00eda seguir participando con la comunidad para ayudar a solucionar sus problem\u00e1ticas&quot;.<br \/>\nLa Constituci\u00f3n de la Ciudad de Buenos Aires establece en el art\u00edculo 138 que &quot;el Ente \u00danico Regulador de los Servicios P\u00fablicos de la Ciudad, instituido en el \u00e1mbito del Poder Ejecutivo, es aut\u00e1rquico, con personer\u00eda jur\u00eddica, independencia funcional y legitimaci\u00f3n procesal. Ejerce el control, seguimiento y resguardo de la calidad de los servicios p\u00fablicos cuya prestaci\u00f3n o fiscalizaci\u00f3n se realice por la administraci\u00f3n central y descentralizada o por terceros para la defensa y protecci\u00f3n de los derechos de sus usuarios y consumidores, de la competencia y del medio ambiente, velando por la observancia de las leyes que se dicten al respecto&quot;. Estuvieron presentes los diputados\/as Carmen Polledo, Marta Varela, L\u00eda Rueda, Daniel Lipovetzky, Christian Federico Bauab, Oscar Zago, Raquel Herrero (PRO), Fernando S\u00e1nchez (CC), Claudio Presman (UCR), Juan Pablo Arenaza (BpU) y Alejandro Amor (FpV).<br \/>\nFiscal General, Defensor General y Asesora General Tutelar del Ministerio de Justicia<br \/>\nPor \u00faltimo, a las 13 hs. se realiz\u00f3 la Audiencia P\u00fablica para la designaci\u00f3n de cargos del Ministerio P\u00fablico del Poder Judicial de la Ciudad Aut\u00f3noma de Buenos Aires. Los candidatos que pusieron a disposici\u00f3n de la ciudadan\u00eda sus antecedentes personales, profesionales y acad\u00e9micos fueron el actual diputado Dr. Mart\u00edn Ocampo, DNI 20.592.473, para el cargo de Fiscal General; el Dr. Horacio Guillermo Corti, DNI 17.364.370, para el cargo de Defensor General; y la Dra. Yael Silvana Bendel, DNI 26.353.019, para el cargo de Asesora Tutelar General.<br \/>\nEl pr\u00f3ximo paso del procedimiento de designaciones implica un dictamen de la Junta parlamentaria de \u00c9tica, Acuerdos y Organismos de Control aconsejando al Pleno del Cuerpo los candidatos a designar.<br \/>\n\u00a0<br \/>\nFoto &#8211; La mesa principal estuvo conformada por el presidente de la Comisi\u00f3n de \u00c9tica, diputado Jorge Garayalde (centro), y otros legisladores.<\/p>\n","protected":false},"excerpt":{"rendered":"<p>\u00a0 Los candidatos a cubrir los puestos disponibles en importantes instituciones p\u00fablicas de la Ciudad Aut\u00f3noma de Buenos Aires se presentaron en el Sal\u00f3n Dorado del Palacio Legislativo para asistir a las correspondientes Audiencias P\u00fablicas, todas presididas por el presidente de la Junta parlamentaria de \u00c9tica, Acuerdos y Organismos de Control, diputado Jorge Garayalde (PRO). [&hellip;]<\/p>\n","protected":false},"author":2,"featured_media":21203,"comment_status":"open","ping_status":"open","sticky":false,"template":"","format":"standard","meta":{"_et_pb_use_builder":"","_et_pb_old_content":"","_et_gb_content_width":"","footnotes":""},"categories":[11,44],"tags":[],"class_list":["post-21202","post","type-post","status-publish","format-standard","has-post-thumbnail","hentry","category-ciudad","category-funcionarios-de-la-caba"],"_links":{"self":[{"href":"https:\/\/vocesdebaires.com.ar\/index.php\/wp-json\/wp\/v2\/posts\/21202"}],"collection":[{"href":"https:\/\/vocesdebaires.com.ar\/index.php\/wp-json\/wp\/v2\/posts"}],"about":[{"href":"https:\/\/vocesdebaires.com.ar\/index.php\/wp-json\/wp\/v2\/types\/post"}],"author":[{"embeddable":true,"href":"https:\/\/vocesdebaires.com.ar\/index.php\/wp-json\/wp\/v2\/users\/2"}],"replies":[{"embeddable":true,"href":"https:\/\/vocesdebaires.com.ar\/index.php\/wp-json\/wp\/v2\/comments?post=21202"}],"version-history":[{"count":0,"href":"https:\/\/vocesdebaires.com.ar\/index.php\/wp-json\/wp\/v2\/posts\/21202\/revisions"}],"wp:featuredmedia":[{"embeddable":true,"href":"https:\/\/vocesdebaires.com.ar\/index.php\/wp-json\/wp\/v2\/media\/21203"}],"wp:attachment":[{"href":"https:\/\/vocesdebaires.com.ar\/index.php\/wp-json\/wp\/v2\/media?parent=21202"}],"wp:term":[{"taxonomy":"category","embeddable":true,"href":"https:\/\/vocesdebaires.com.ar\/index.php\/wp-json\/wp\/v2\/categories?post=21202"},{"taxonomy":"post_tag","embeddable":true,"href":"https:\/\/vocesdebaires.com.ar\/index.php\/wp-json\/wp\/v2\/tags?post=21202"}],"curies":[{"name":"wp","href":"https:\/\/api.w.org\/{rel}","templated":true}]}}