{"id":21208,"date":"2013-12-09T14:25:37","date_gmt":"2013-12-09T17:25:37","guid":{"rendered":"http:\/\/vocesdebaires.com.ar\/wordpress\/index.php\/2013\/12\/09\/para-reordenar-puerto-madero\/"},"modified":"2013-12-09T14:25:37","modified_gmt":"2013-12-09T17:25:37","slug":"para-reordenar-puerto-madero","status":"publish","type":"post","link":"https:\/\/vocesdebaires.com.ar\/index.php\/2013\/12\/09\/para-reordenar-puerto-madero\/","title":{"rendered":"Para reordenar Puerto Madero"},"content":{"rendered":"<p>\u00a0<br \/>\n El estacionamiento medido que se extender\u00e1 por la Ciudad llegar\u00e1 finalmente a un sector en donde los vecinos piden una soluci\u00f3n desde hace mucho tiempo: Puerto Madero. Sucede que una gran cantidad de personas que trabajan en el Microcentro dejan el auto en ese barrio para ahorrarse el pago del garaje. El veh\u00edculo queda durante casi todo el d\u00eda y los vecinos, claro, ponen el grito en el cielo. Ahora, con la ley que vot\u00f3 el jueves \u00faltimo la Legislatura porte\u00f1a se sabe que Puerto Madero no quedar\u00e1 exento de la reglamentaci\u00f3n. Los parqu\u00edmetros ser\u00e1n colocados en el 45% de las cuadras de la Ciudad y habr\u00e1 distintas tarifas con precios m\u00e1s caros que los actuales. El sistema, que entrar\u00e1 en vigencia en 2014, funcionar\u00e1 en las avenidas de alto tr\u00e1nsito, los centros comerciales de los barrios y sus calles aleda\u00f1as. As\u00ed, habr\u00e1 que pagar en Belgrano, Caballito y Flores, entre otros lugares.<br \/>\n Habr\u00e1 una tarifa simple para la mayor\u00eda de las cuadras y en el resto ser\u00e1 progresiva: ir\u00e1 aumentando por cada hora que se deje el auto estacionado. En las avenidas principales y las zonas con m\u00e1s congesti\u00f3n se implementar\u00e1 la tarifa Progresiva 1 (los residentes pagar\u00e1n la mitad); y en las calles aleda\u00f1as la Progresiva 2, m\u00e1s barata (y con estacionamiento gratuito para los vecinos). El estacionamiento medido funcionar\u00e1 de lunes a viernes de 8 a 20, y los s\u00e1bados de 9 a 13. Todav\u00eda no est\u00e1n definidos los precios, que se podr\u00e1n pagar v\u00eda mensaje de texto y tarjeta de d\u00e9bito, pero se calcula una progresi\u00f3n de $ 6 a $ 12 por hora. En el caso de Puerto Madero, ser\u00e1 una nueva medida que buscar\u00e1 reordenar el tr\u00e1nsito de una de las zonas m\u00e1s concurridas por su oferta gastron\u00f3mica y hotelera. All\u00ed, hasta en los d\u00edas de semana se hace complicado encontrar espacio para estacionar por todos los que dejan el veh\u00edculo y no son de la zona. El Gobierno decidi\u00f3 en agosto que las gr\u00faas trabajen en ese lugar. Seg\u00fan sus datos, son acarreados unos 15 coches por d\u00eda. Los vecinos, sin embargo, no ven cambios.<\/p>\n","protected":false},"excerpt":{"rendered":"<p>\u00a0 El estacionamiento medido que se extender\u00e1 por la Ciudad llegar\u00e1 finalmente a un sector en donde los vecinos piden una soluci\u00f3n desde hace mucho tiempo: Puerto Madero. Sucede que una gran cantidad de personas que trabajan en el Microcentro dejan el auto en ese barrio para ahorrarse el pago del garaje. El veh\u00edculo queda [&hellip;]<\/p>\n","protected":false},"author":2,"featured_media":21209,"comment_status":"open","ping_status":"open","sticky":false,"template":"","format":"standard","meta":{"_et_pb_use_builder":"","_et_pb_old_content":"","_et_gb_content_width":"","footnotes":""},"categories":[11,36],"tags":[],"class_list":["post-21208","post","type-post","status-publish","format-standard","has-post-thumbnail","hentry","category-ciudad","category-transito-2"],"_links":{"self":[{"href":"https:\/\/vocesdebaires.com.ar\/index.php\/wp-json\/wp\/v2\/posts\/21208"}],"collection":[{"href":"https:\/\/vocesdebaires.com.ar\/index.php\/wp-json\/wp\/v2\/posts"}],"about":[{"href":"https:\/\/vocesdebaires.com.ar\/index.php\/wp-json\/wp\/v2\/types\/post"}],"author":[{"embeddable":true,"href":"https:\/\/vocesdebaires.com.ar\/index.php\/wp-json\/wp\/v2\/users\/2"}],"replies":[{"embeddable":true,"href":"https:\/\/vocesdebaires.com.ar\/index.php\/wp-json\/wp\/v2\/comments?post=21208"}],"version-history":[{"count":0,"href":"https:\/\/vocesdebaires.com.ar\/index.php\/wp-json\/wp\/v2\/posts\/21208\/revisions"}],"wp:featuredmedia":[{"embeddable":true,"href":"https:\/\/vocesdebaires.com.ar\/index.php\/wp-json\/wp\/v2\/media\/21209"}],"wp:attachment":[{"href":"https:\/\/vocesdebaires.com.ar\/index.php\/wp-json\/wp\/v2\/media?parent=21208"}],"wp:term":[{"taxonomy":"category","embeddable":true,"href":"https:\/\/vocesdebaires.com.ar\/index.php\/wp-json\/wp\/v2\/categories?post=21208"},{"taxonomy":"post_tag","embeddable":true,"href":"https:\/\/vocesdebaires.com.ar\/index.php\/wp-json\/wp\/v2\/tags?post=21208"}],"curies":[{"name":"wp","href":"https:\/\/api.w.org\/{rel}","templated":true}]}}