{"id":21265,"date":"2013-10-16T13:22:35","date_gmt":"2013-10-16T16:22:35","guid":{"rendered":"http:\/\/vocesdebaires.com.ar\/wordpress\/index.php\/2013\/10\/16\/caballitofuturo-centro-comercial-eje-de-una-polemica\/"},"modified":"2013-10-16T13:22:35","modified_gmt":"2013-10-16T16:22:35","slug":"caballitofuturo-centro-comercial-eje-de-una-polemica","status":"publish","type":"post","link":"https:\/\/vocesdebaires.com.ar\/index.php\/2013\/10\/16\/caballitofuturo-centro-comercial-eje-de-una-polemica\/","title":{"rendered":"Caballito:Futuro centro comercial, eje de una pol\u00e9mica"},"content":{"rendered":"<p>\u00a0<br \/>\n El proyecto de ley que busca habilitar la construcci\u00f3n de un shopping en Caballito pareciera reflotarse y una gran cantidad de vecinos, otra vez, se encuentra en estado de alerta. Es que muchos daban por descontado que esos terrenos ferroviarios -a metros de la cancha de Ferro- ser\u00edan destinados a un inmenso parque p\u00fablico. La iniciativa macrista ingres\u00f3 nuevamente en la Legislatura con el objetivo de rezonificar esa zona para poder levantar un centro comercial a cargo de una empresa privada. En el proyecto de ley, al que tuvo acceso La Raz\u00f3n , se lee que el shopping podr\u00e1 tener hasta 35 metros de altura. Se habilitan las tierras para paseos de compras, cines, grandes tiendas, supermercado y garaje comercial, entre otros usos. \u201cSe manifiesta la existencia de un vac\u00edo urbano, en las adyacencias del club Ferro\u201d, por lo que se busca \u201crevertir el deterioro de la zona\u201d, se explica en los fundamentos del texto, que debe ser tratado en la Comisi\u00f3n de Planeamiento Urbano. En otras oportunidades, el PRO no hab\u00eda conseguido el consenso para aprobar las modificaciones.<br \/>\n La oposici\u00f3n de un grupo de vecinos y otras asociaciones data de 2008. Y se enmarca, adem\u00e1s, en un contexto de construcciones \u201cindiscriminadas\u201d que sufri\u00f3 Caballito en los \u00faltimos a\u00f1os, seg\u00fan aseguran. En 2008, la Legislatura hab\u00eda votado limitar las obras en altura en 80 manzanas del barrio. El jefe de Gobierno, Mauricio Macri, vet\u00f3 la norma, pero la Legislatura volvi\u00f3 a ratificarla y se promulg\u00f3. \u201cSe trata de uno de los barrios en donde m\u00e1s se levantaron edificios y eso trae consecuencias en los servicios como agua y luz y caos de tr\u00e1nsito\u201d, sostuvo Rodolfo Diringuer, de la Asociaci\u00f3n SOS Caballito.<\/p>\n","protected":false},"excerpt":{"rendered":"<p>\u00a0 El proyecto de ley que busca habilitar la construcci\u00f3n de un shopping en Caballito pareciera reflotarse y una gran cantidad de vecinos, otra vez, se encuentra en estado de alerta. Es que muchos daban por descontado que esos terrenos ferroviarios -a metros de la cancha de Ferro- ser\u00edan destinados a un inmenso parque p\u00fablico. [&hellip;]<\/p>\n","protected":false},"author":2,"featured_media":21266,"comment_status":"open","ping_status":"open","sticky":false,"template":"","format":"standard","meta":{"_et_pb_use_builder":"","_et_pb_old_content":"","_et_gb_content_width":"","footnotes":""},"categories":[11,32],"tags":[],"class_list":["post-21265","post","type-post","status-publish","format-standard","has-post-thumbnail","hentry","category-ciudad","category-comunas"],"_links":{"self":[{"href":"https:\/\/vocesdebaires.com.ar\/index.php\/wp-json\/wp\/v2\/posts\/21265"}],"collection":[{"href":"https:\/\/vocesdebaires.com.ar\/index.php\/wp-json\/wp\/v2\/posts"}],"about":[{"href":"https:\/\/vocesdebaires.com.ar\/index.php\/wp-json\/wp\/v2\/types\/post"}],"author":[{"embeddable":true,"href":"https:\/\/vocesdebaires.com.ar\/index.php\/wp-json\/wp\/v2\/users\/2"}],"replies":[{"embeddable":true,"href":"https:\/\/vocesdebaires.com.ar\/index.php\/wp-json\/wp\/v2\/comments?post=21265"}],"version-history":[{"count":0,"href":"https:\/\/vocesdebaires.com.ar\/index.php\/wp-json\/wp\/v2\/posts\/21265\/revisions"}],"wp:featuredmedia":[{"embeddable":true,"href":"https:\/\/vocesdebaires.com.ar\/index.php\/wp-json\/wp\/v2\/media\/21266"}],"wp:attachment":[{"href":"https:\/\/vocesdebaires.com.ar\/index.php\/wp-json\/wp\/v2\/media?parent=21265"}],"wp:term":[{"taxonomy":"category","embeddable":true,"href":"https:\/\/vocesdebaires.com.ar\/index.php\/wp-json\/wp\/v2\/categories?post=21265"},{"taxonomy":"post_tag","embeddable":true,"href":"https:\/\/vocesdebaires.com.ar\/index.php\/wp-json\/wp\/v2\/tags?post=21265"}],"curies":[{"name":"wp","href":"https:\/\/api.w.org\/{rel}","templated":true}]}}