{"id":21276,"date":"2013-10-16T14:08:06","date_gmt":"2013-10-16T17:08:06","guid":{"rendered":"http:\/\/vocesdebaires.com.ar\/wordpress\/index.php\/2013\/10\/16\/tenisel-caballero-de-tandil\/"},"modified":"2013-10-16T14:08:06","modified_gmt":"2013-10-16T17:08:06","slug":"tenisel-caballero-de-tandil","status":"publish","type":"post","link":"https:\/\/vocesdebaires.com.ar\/index.php\/2013\/10\/16\/tenisel-caballero-de-tandil\/","title":{"rendered":"Tenis:El caballero de Tandil"},"content":{"rendered":"<p>\u00a0<br \/>\n Mientras recupera energ\u00edas luego de una provechosa gira sobre el cemento asi\u00e1tico, con t\u00edtulo en Tokio y final en Shanghai, Juan Mart\u00edn del Potro recibi\u00f3 ayer una gran noticia. El tandilense, n\u00famero cinco del ranking mundial, figura entre los candidatos a recibir el premio Esp\u00edritu Deportivo Stefan Edberg (\u201cSportsmanship Award\u201d, en ingl\u00e9s), que otorga la Asociaci\u00f3n de Tenistas Profesionales por la campa\u00f1a 2013. Delpo fue nominado junto con el suizo Roger Federer y los espa\u00f1oles Rafael Nadal y David Ferrer en una votaci\u00f3n realizada por sus colegas del circuito.<br \/>\n El Stefan Edberg Sportsmanship Award premia \u201cal jugador que, durante el a\u00f1o, se desempe\u00f1\u00f3 en el m\u00e1s alto nivel de profesionalismo e integridad, que compiti\u00f3 con sus pares con el mayor de los respetos y que promocion\u00f3 el tenis a trav\u00e9s de las actividades fuera de la cancha\u201d. El galard\u00f3n se entregar\u00e1 el a\u00f1o pr\u00f3ximo, momento en el que tambi\u00e9n se distinguir\u00e1n rubros como el jugador de Mayor Progreso, el Mejor Regreso y los Torneos del A\u00f1o. All\u00ed tambi\u00e9n se conocer\u00e1 el tenista elegido de los Fans, votado por internet.<\/p>\n","protected":false},"excerpt":{"rendered":"<p>\u00a0 Mientras recupera energ\u00edas luego de una provechosa gira sobre el cemento asi\u00e1tico, con t\u00edtulo en Tokio y final en Shanghai, Juan Mart\u00edn del Potro recibi\u00f3 ayer una gran noticia. El tandilense, n\u00famero cinco del ranking mundial, figura entre los candidatos a recibir el premio Esp\u00edritu Deportivo Stefan Edberg (\u201cSportsmanship Award\u201d, en ingl\u00e9s), que otorga [&hellip;]<\/p>\n","protected":false},"author":2,"featured_media":21277,"comment_status":"open","ping_status":"open","sticky":false,"template":"","format":"standard","meta":{"_et_pb_use_builder":"","_et_pb_old_content":"","_et_gb_content_width":"","footnotes":""},"categories":[14,51],"tags":[],"class_list":["post-21276","post","type-post","status-publish","format-standard","has-post-thumbnail","hentry","category-deportes","category-tenis"],"_links":{"self":[{"href":"https:\/\/vocesdebaires.com.ar\/index.php\/wp-json\/wp\/v2\/posts\/21276"}],"collection":[{"href":"https:\/\/vocesdebaires.com.ar\/index.php\/wp-json\/wp\/v2\/posts"}],"about":[{"href":"https:\/\/vocesdebaires.com.ar\/index.php\/wp-json\/wp\/v2\/types\/post"}],"author":[{"embeddable":true,"href":"https:\/\/vocesdebaires.com.ar\/index.php\/wp-json\/wp\/v2\/users\/2"}],"replies":[{"embeddable":true,"href":"https:\/\/vocesdebaires.com.ar\/index.php\/wp-json\/wp\/v2\/comments?post=21276"}],"version-history":[{"count":0,"href":"https:\/\/vocesdebaires.com.ar\/index.php\/wp-json\/wp\/v2\/posts\/21276\/revisions"}],"wp:featuredmedia":[{"embeddable":true,"href":"https:\/\/vocesdebaires.com.ar\/index.php\/wp-json\/wp\/v2\/media\/21277"}],"wp:attachment":[{"href":"https:\/\/vocesdebaires.com.ar\/index.php\/wp-json\/wp\/v2\/media?parent=21276"}],"wp:term":[{"taxonomy":"category","embeddable":true,"href":"https:\/\/vocesdebaires.com.ar\/index.php\/wp-json\/wp\/v2\/categories?post=21276"},{"taxonomy":"post_tag","embeddable":true,"href":"https:\/\/vocesdebaires.com.ar\/index.php\/wp-json\/wp\/v2\/tags?post=21276"}],"curies":[{"name":"wp","href":"https:\/\/api.w.org\/{rel}","templated":true}]}}