{"id":21278,"date":"2013-10-16T14:12:58","date_gmt":"2013-10-16T17:12:58","guid":{"rendered":"http:\/\/vocesdebaires.com.ar\/wordpress\/index.php\/2013\/10\/16\/operativo-con-2-000-policias-para-el-clasico\/"},"modified":"2013-10-16T14:12:58","modified_gmt":"2013-10-16T17:12:58","slug":"operativo-con-2-000-policias-para-el-clasico","status":"publish","type":"post","link":"https:\/\/vocesdebaires.com.ar\/index.php\/2013\/10\/16\/operativo-con-2-000-policias-para-el-clasico\/","title":{"rendered":"Operativo con 2.000 polic\u00edas para el cl\u00e1sico"},"content":{"rendered":"<p>\u00a0<br \/>\n Despu\u00e9s de m\u00e1s de tres a\u00f1os, el cl\u00e1sico rosarino volver\u00e1 a jugarse y en la ciudad santafesina ya se empez\u00f3 a vivir el clima de la previa. Adem\u00e1s de las cuestiones futbol\u00edsticas de Central y Newell\u2019s, la lupa tambi\u00e9n est\u00e1 puesta en la seguridad. Y para que el partido del domingo en el Gigante de Arroyito se pueda desarrollar con normalidad y no haya incidentes, el Ministerio de Seguridad de Santa Fe confirm\u00f3 que habr\u00e1 un operativo de 2.000 polic\u00edas. \u201cLa idea no es s\u00f3lo controlar el estadio de Central, sino lugares que signifiquen concentraci\u00f3n de hinchas. Lo \u00fanico que deseamos es que sea una fiesta en paz\u201d, manifest\u00f3 Ra\u00fal Lamberto, ministro de Seguridad de la provincia.<br \/>\n Mientras Alfredo Berti espera la vuelta de Maximiliano Rodr\u00edguez (disput\u00f3 el partido contra Uruguay con la Selecci\u00f3n), Gabriel Heinze y David Trezeguet trabajaron en forma diferenciada en el predio de Bella Vista. El defensor ser\u00eda titular, pero el franc\u00e9s esperar\u00eda en el banco, mientras que Diego Mateo volver\u00e1 tras la suspensi\u00f3n por Hern\u00e1n Villalba. Por su parte, Miguel Angel Russo apostar\u00eda al ingreso de Nery Dom\u00ednguez por Mat\u00edas Ballini en el mediocampo.<\/p>\n","protected":false},"excerpt":{"rendered":"<p>\u00a0 Despu\u00e9s de m\u00e1s de tres a\u00f1os, el cl\u00e1sico rosarino volver\u00e1 a jugarse y en la ciudad santafesina ya se empez\u00f3 a vivir el clima de la previa. Adem\u00e1s de las cuestiones futbol\u00edsticas de Central y Newell\u2019s, la lupa tambi\u00e9n est\u00e1 puesta en la seguridad. Y para que el partido del domingo en el Gigante [&hellip;]<\/p>\n","protected":false},"author":2,"featured_media":21279,"comment_status":"open","ping_status":"open","sticky":false,"template":"","format":"standard","meta":{"_et_pb_use_builder":"","_et_pb_old_content":"","_et_gb_content_width":"","footnotes":""},"categories":[39,14],"tags":[],"class_list":["post-21278","post","type-post","status-publish","format-standard","has-post-thumbnail","hentry","category-1o-division-a","category-deportes"],"_links":{"self":[{"href":"https:\/\/vocesdebaires.com.ar\/index.php\/wp-json\/wp\/v2\/posts\/21278"}],"collection":[{"href":"https:\/\/vocesdebaires.com.ar\/index.php\/wp-json\/wp\/v2\/posts"}],"about":[{"href":"https:\/\/vocesdebaires.com.ar\/index.php\/wp-json\/wp\/v2\/types\/post"}],"author":[{"embeddable":true,"href":"https:\/\/vocesdebaires.com.ar\/index.php\/wp-json\/wp\/v2\/users\/2"}],"replies":[{"embeddable":true,"href":"https:\/\/vocesdebaires.com.ar\/index.php\/wp-json\/wp\/v2\/comments?post=21278"}],"version-history":[{"count":0,"href":"https:\/\/vocesdebaires.com.ar\/index.php\/wp-json\/wp\/v2\/posts\/21278\/revisions"}],"wp:featuredmedia":[{"embeddable":true,"href":"https:\/\/vocesdebaires.com.ar\/index.php\/wp-json\/wp\/v2\/media\/21279"}],"wp:attachment":[{"href":"https:\/\/vocesdebaires.com.ar\/index.php\/wp-json\/wp\/v2\/media?parent=21278"}],"wp:term":[{"taxonomy":"category","embeddable":true,"href":"https:\/\/vocesdebaires.com.ar\/index.php\/wp-json\/wp\/v2\/categories?post=21278"},{"taxonomy":"post_tag","embeddable":true,"href":"https:\/\/vocesdebaires.com.ar\/index.php\/wp-json\/wp\/v2\/tags?post=21278"}],"curies":[{"name":"wp","href":"https:\/\/api.w.org\/{rel}","templated":true}]}}