{"id":21284,"date":"2013-10-16T18:41:32","date_gmt":"2013-10-16T21:41:32","guid":{"rendered":"http:\/\/vocesdebaires.com.ar\/wordpress\/index.php\/2013\/10\/16\/primera-division-dias-y-horarios-para-la-12a\/"},"modified":"2013-10-16T18:41:32","modified_gmt":"2013-10-16T21:41:32","slug":"primera-division-dias-y-horarios-para-la-12a","status":"publish","type":"post","link":"https:\/\/vocesdebaires.com.ar\/index.php\/2013\/10\/16\/primera-division-dias-y-horarios-para-la-12a\/","title":{"rendered":"Primera Divisi\u00f3n: D\u00edas y horarios para la 12a"},"content":{"rendered":"<p>\u00a0<br \/>\nA continuaci\u00f3n, se detallan los \u00e1rbitros para los partidos de este fin de semana, correspondientes a la Primera Divisi\u00f3n,<br \/>\n\u00a0<br \/>\n Viernes 18 de octubre<br \/>\n16.00&#8211;Quilmes A.C.-Atl\u00e9tico de Rafaela, \u00e1rbitro: Dar\u00edo Herrera<br \/>\n18.10&#8211;Argentinos Juniors-Estudiantes de La Plata, \u00e1rbitro: Pablo D\u00edaz<br \/>\n20.20&#8211;Racing Club-V\u00e9lez Sarsfield, \u00e1rbitro: Fernando Echenique<br \/>\n\u00a0<br \/>\nS\u00e1bado 19 de octubre<br \/>\n18.10&#8211;Col\u00f3n de Santa Fe-Lan\u00fas, \u00e1rbitro: Mariano Gonz\u00e1lez<br \/>\n20.15&#8211;San Lorenzo-All Boys, \u00e1rbitro: Carlos Maglio<br \/>\n\u00a0<br \/>\nDomingo 20 de octubre<br \/>\n16.10&#8211;Rosario Central-Newell&#8217;s Old Boys, \u00e1rbitro: Mauro Vigliano<br \/>\n16.10&#8211;Gimnasia y Esgrima La Plata-Olimpo de Bah\u00eda Blanca, \u00e1rbitro: Germ\u00e1n Delfino<br \/>\n16.10&#8211;Tigre-Arsenal F.C., \u00e1rbitro: Andr\u00e9s Merlos<br \/>\n18.15&#8211;River Plate-Belgrano de C\u00f3rdoba, \u00e1rbitros: Diego Ceballos<br \/>\n21.15&#8211;Godoy Cruz de Mendoza-Boca Juniors, \u00e1rbitro: Pedro Arga\u00f1araz (en estadio Mendoza)<\/p>\n","protected":false},"excerpt":{"rendered":"<p>\u00a0 A continuaci\u00f3n, se detallan los \u00e1rbitros para los partidos de este fin de semana, correspondientes a la Primera Divisi\u00f3n, \u00a0 Viernes 18 de octubre 16.00&#8211;Quilmes A.C.-Atl\u00e9tico de Rafaela, \u00e1rbitro: Dar\u00edo Herrera 18.10&#8211;Argentinos Juniors-Estudiantes de La Plata, \u00e1rbitro: Pablo D\u00edaz 20.20&#8211;Racing Club-V\u00e9lez Sarsfield, \u00e1rbitro: Fernando Echenique \u00a0 S\u00e1bado 19 de octubre 18.10&#8211;Col\u00f3n de Santa Fe-Lan\u00fas, [&hellip;]<\/p>\n","protected":false},"author":2,"featured_media":21285,"comment_status":"open","ping_status":"open","sticky":false,"template":"","format":"standard","meta":{"_et_pb_use_builder":"","_et_pb_old_content":"","_et_gb_content_width":"","footnotes":""},"categories":[39,14],"tags":[],"class_list":["post-21284","post","type-post","status-publish","format-standard","has-post-thumbnail","hentry","category-1o-division-a","category-deportes"],"_links":{"self":[{"href":"https:\/\/vocesdebaires.com.ar\/index.php\/wp-json\/wp\/v2\/posts\/21284"}],"collection":[{"href":"https:\/\/vocesdebaires.com.ar\/index.php\/wp-json\/wp\/v2\/posts"}],"about":[{"href":"https:\/\/vocesdebaires.com.ar\/index.php\/wp-json\/wp\/v2\/types\/post"}],"author":[{"embeddable":true,"href":"https:\/\/vocesdebaires.com.ar\/index.php\/wp-json\/wp\/v2\/users\/2"}],"replies":[{"embeddable":true,"href":"https:\/\/vocesdebaires.com.ar\/index.php\/wp-json\/wp\/v2\/comments?post=21284"}],"version-history":[{"count":0,"href":"https:\/\/vocesdebaires.com.ar\/index.php\/wp-json\/wp\/v2\/posts\/21284\/revisions"}],"wp:featuredmedia":[{"embeddable":true,"href":"https:\/\/vocesdebaires.com.ar\/index.php\/wp-json\/wp\/v2\/media\/21285"}],"wp:attachment":[{"href":"https:\/\/vocesdebaires.com.ar\/index.php\/wp-json\/wp\/v2\/media?parent=21284"}],"wp:term":[{"taxonomy":"category","embeddable":true,"href":"https:\/\/vocesdebaires.com.ar\/index.php\/wp-json\/wp\/v2\/categories?post=21284"},{"taxonomy":"post_tag","embeddable":true,"href":"https:\/\/vocesdebaires.com.ar\/index.php\/wp-json\/wp\/v2\/tags?post=21284"}],"curies":[{"name":"wp","href":"https:\/\/api.w.org\/{rel}","templated":true}]}}