{"id":21322,"date":"2013-10-18T13:47:35","date_gmt":"2013-10-18T16:47:35","guid":{"rendered":"http:\/\/vocesdebaires.com.ar\/wordpress\/index.php\/2013\/10\/18\/a-partir-de-las-2020-hs-juegan-racing-velez\/"},"modified":"2013-10-18T13:47:35","modified_gmt":"2013-10-18T16:47:35","slug":"a-partir-de-las-2020-hs-juegan-racing-velez","status":"publish","type":"post","link":"https:\/\/vocesdebaires.com.ar\/index.php\/2013\/10\/18\/a-partir-de-las-2020-hs-juegan-racing-velez\/","title":{"rendered":"A partir de las 20:20 hs juegan Racing Velez"},"content":{"rendered":"<p>\u00a0<br \/>\n Esta noche arranca el tercer ciclo de Reinaldo Merlo como entrenador de Racing. Enfrente estar\u00e1 V\u00e9lez, por lo que la prueba que tendr\u00e1 desde las 20.20 en el Cilindro de Avellaneda no ser\u00e1 f\u00e1cil. Encima, Mostaza no sabe si podr\u00e1 sentarse en el banco o si tendr\u00e1 que ver el partido en un palco por la inhibici\u00f3n de Aldosivi, su ex club, que le est\u00e1 reclamando que nunca rescindi\u00f3 el contrato. Llegado el caso, estar\u00e1 su colaborador Ren\u00e9 Daulte. En materia futbol\u00edstica, Merlo no confirm\u00f3 la formaci\u00f3n titular. \u201cTodav\u00eda no tengo el equipo, tengo dudas en todas las l\u00edneas. Los jugadores han trabajado bien y los veo muy bien. Hay un poco de ansiedad pero es normal\u201d, revel\u00f3. E insisti\u00f3 en lo que pretende de sus jugadores: \u201cEsperamos con ganas que llegue la hora del partido. Hay que tratar de ser un equipo corto, contundente, que presione en todos los sectores y que juegue bien. Me preocupa que el equipo funcione como equipo, porque un jugador no va a salvar a todos\u201d.<br \/>\n Mientras pone el objetivo en que Racing consiga el primer triunfo en el torneo y comience a revertir la peor campa\u00f1a de su historia, Merlo sorprendi\u00f3 con su primera decisi\u00f3n pol\u00e9mica: borr\u00f3 a Agust\u00edn Pelletieri. El mediocampista de 32 a\u00f1os est\u00e1 negociando un nuevo contrato con el club y no fue convocado para este partido, al igual que Mart\u00edn Migli\u00f3nico, en la misma situaci\u00f3n. En reemplazo del ex Lan\u00fas ir\u00eda Leonardo Rolheiser. Luego de 13 partidos sin triunfos (once por el Inicial y dos por la Copa Sudamericana), en el \u00faltimo puesto de la tabla y con el fantasma del descenso acechando por Avellaneda, \u00bfser\u00e1 hoy el primer paso de Mostaza?<\/p>\n","protected":false},"excerpt":{"rendered":"<p>\u00a0 Esta noche arranca el tercer ciclo de Reinaldo Merlo como entrenador de Racing. Enfrente estar\u00e1 V\u00e9lez, por lo que la prueba que tendr\u00e1 desde las 20.20 en el Cilindro de Avellaneda no ser\u00e1 f\u00e1cil. Encima, Mostaza no sabe si podr\u00e1 sentarse en el banco o si tendr\u00e1 que ver el partido en un palco [&hellip;]<\/p>\n","protected":false},"author":2,"featured_media":21323,"comment_status":"open","ping_status":"open","sticky":false,"template":"","format":"standard","meta":{"_et_pb_use_builder":"","_et_pb_old_content":"","_et_gb_content_width":"","footnotes":""},"categories":[39,14],"tags":[],"class_list":["post-21322","post","type-post","status-publish","format-standard","has-post-thumbnail","hentry","category-1o-division-a","category-deportes"],"_links":{"self":[{"href":"https:\/\/vocesdebaires.com.ar\/index.php\/wp-json\/wp\/v2\/posts\/21322"}],"collection":[{"href":"https:\/\/vocesdebaires.com.ar\/index.php\/wp-json\/wp\/v2\/posts"}],"about":[{"href":"https:\/\/vocesdebaires.com.ar\/index.php\/wp-json\/wp\/v2\/types\/post"}],"author":[{"embeddable":true,"href":"https:\/\/vocesdebaires.com.ar\/index.php\/wp-json\/wp\/v2\/users\/2"}],"replies":[{"embeddable":true,"href":"https:\/\/vocesdebaires.com.ar\/index.php\/wp-json\/wp\/v2\/comments?post=21322"}],"version-history":[{"count":0,"href":"https:\/\/vocesdebaires.com.ar\/index.php\/wp-json\/wp\/v2\/posts\/21322\/revisions"}],"wp:featuredmedia":[{"embeddable":true,"href":"https:\/\/vocesdebaires.com.ar\/index.php\/wp-json\/wp\/v2\/media\/21323"}],"wp:attachment":[{"href":"https:\/\/vocesdebaires.com.ar\/index.php\/wp-json\/wp\/v2\/media?parent=21322"}],"wp:term":[{"taxonomy":"category","embeddable":true,"href":"https:\/\/vocesdebaires.com.ar\/index.php\/wp-json\/wp\/v2\/categories?post=21322"},{"taxonomy":"post_tag","embeddable":true,"href":"https:\/\/vocesdebaires.com.ar\/index.php\/wp-json\/wp\/v2\/tags?post=21322"}],"curies":[{"name":"wp","href":"https:\/\/api.w.org\/{rel}","templated":true}]}}