{"id":21324,"date":"2013-10-18T13:57:01","date_gmt":"2013-10-18T16:57:01","guid":{"rendered":"http:\/\/vocesdebaires.com.ar\/wordpress\/index.php\/2013\/10\/18\/el-papa-francisco-se-encontro-con-maravilla\/"},"modified":"2013-10-18T13:57:01","modified_gmt":"2013-10-18T16:57:01","slug":"el-papa-francisco-se-encontro-con-maravilla","status":"publish","type":"post","link":"https:\/\/vocesdebaires.com.ar\/index.php\/2013\/10\/18\/el-papa-francisco-se-encontro-con-maravilla\/","title":{"rendered":"El Papa Francisco se encontr\u00f3 con Maravilla"},"content":{"rendered":"<p>\u00a0<br \/>\n Dos potencias se saludaron ayer en el Vaticano. El papa Francisco recibi\u00f3 ayer durante la audiencia general a Sergio Mart\u00ednez, en el que fue el primer encuentro entre la m\u00e1xima autoridad de la iglesia y un boxeador luego de 31 a\u00f1os. La \u00faltima visita de una estrella del deporte de los guantes a la Santa Sede se hab\u00eda producido en junio de 1982, cuando Muhammad Ali visit\u00f3 a Juan Pablo II. Maravilla, actual campe\u00f3n de los medianos del Consejo Mundial de Boxeo, mantuvo una breve charla con Francisco, en la que dialogaron sobre bullying y violencia dom\u00e9stica. Es que Mart\u00ednez participa en campa\u00f1as que abordan ambas problem\u00e1ticas sociales. El quilme\u00f1o aprovech\u00f3 el encuentro para entregarle como presente al Sumo Pont\u00edfice un cintur\u00f3n de campe\u00f3n del mundo del CMB en el que figuraban las fotos del Papa y la bandera de El Vaticano a un lado y la del escudo de Argentina y la del p\u00fagil al otro. Maravilla, quien se declar\u00f3 cat\u00f3lico, es el primer campe\u00f3n del mundo con el t\u00edtulo vigente que es recibido por el papa argentino.<\/p>\n","protected":false},"excerpt":{"rendered":"<p>\u00a0 Dos potencias se saludaron ayer en el Vaticano. El papa Francisco recibi\u00f3 ayer durante la audiencia general a Sergio Mart\u00ednez, en el que fue el primer encuentro entre la m\u00e1xima autoridad de la iglesia y un boxeador luego de 31 a\u00f1os. La \u00faltima visita de una estrella del deporte de los guantes a la [&hellip;]<\/p>\n","protected":false},"author":2,"featured_media":21325,"comment_status":"open","ping_status":"open","sticky":false,"template":"","format":"standard","meta":{"_et_pb_use_builder":"","_et_pb_old_content":"","_et_gb_content_width":"","footnotes":""},"categories":[14,46],"tags":[],"class_list":["post-21324","post","type-post","status-publish","format-standard","has-post-thumbnail","hentry","category-deportes","category-polideportiva"],"_links":{"self":[{"href":"https:\/\/vocesdebaires.com.ar\/index.php\/wp-json\/wp\/v2\/posts\/21324"}],"collection":[{"href":"https:\/\/vocesdebaires.com.ar\/index.php\/wp-json\/wp\/v2\/posts"}],"about":[{"href":"https:\/\/vocesdebaires.com.ar\/index.php\/wp-json\/wp\/v2\/types\/post"}],"author":[{"embeddable":true,"href":"https:\/\/vocesdebaires.com.ar\/index.php\/wp-json\/wp\/v2\/users\/2"}],"replies":[{"embeddable":true,"href":"https:\/\/vocesdebaires.com.ar\/index.php\/wp-json\/wp\/v2\/comments?post=21324"}],"version-history":[{"count":0,"href":"https:\/\/vocesdebaires.com.ar\/index.php\/wp-json\/wp\/v2\/posts\/21324\/revisions"}],"wp:featuredmedia":[{"embeddable":true,"href":"https:\/\/vocesdebaires.com.ar\/index.php\/wp-json\/wp\/v2\/media\/21325"}],"wp:attachment":[{"href":"https:\/\/vocesdebaires.com.ar\/index.php\/wp-json\/wp\/v2\/media?parent=21324"}],"wp:term":[{"taxonomy":"category","embeddable":true,"href":"https:\/\/vocesdebaires.com.ar\/index.php\/wp-json\/wp\/v2\/categories?post=21324"},{"taxonomy":"post_tag","embeddable":true,"href":"https:\/\/vocesdebaires.com.ar\/index.php\/wp-json\/wp\/v2\/tags?post=21324"}],"curies":[{"name":"wp","href":"https:\/\/api.w.org\/{rel}","templated":true}]}}