{"id":21328,"date":"2013-10-18T14:08:15","date_gmt":"2013-10-18T17:08:15","guid":{"rendered":"http:\/\/vocesdebaires.com.ar\/wordpress\/index.php\/2013\/10\/18\/abren-la-fecha-independiente-crucero-del-norte\/"},"modified":"2013-10-18T14:08:15","modified_gmt":"2013-10-18T17:08:15","slug":"abren-la-fecha-independiente-crucero-del-norte","status":"publish","type":"post","link":"https:\/\/vocesdebaires.com.ar\/index.php\/2013\/10\/18\/abren-la-fecha-independiente-crucero-del-norte\/","title":{"rendered":"Abren la fecha Independiente-Crucero del Norte"},"content":{"rendered":"<p>\u00a0<br \/>\n Por la 13ra. fecha de la B Nacional, el s\u00e1bado a las 16, abrir\u00e1n la fecha Independiente-Crucero del Norte. En la continuidad de la jornada se jugar\u00e1n dos partidos. El domingo y el lunes se disputar\u00e1n cuatro encuentros.As\u00ec se jugar\u00e1 seg\u00fan el siguiente cronograma:<br \/>\n\u00a0<br \/>\nS\u00e1bado 19 de octubre<br \/>\n16.00&#8211; Independiente-Crucero del Norte, \u00e1rbitro: Jorge Bali\u00f1o \u00a0(TV)<br \/>\n18.00&#8211; Aldosivi-Banfield, \u00e1rbitro: Alejandro Castro (TV) (en estadio Mar del Plata)<br \/>\n19.00&#8211; Instituto-Uni\u00f3n, \u00e1rbitro: Mauro Giannini<br \/>\n\u00a0<br \/>\nDomingo 20 de octubre<br \/>\n17.00&#8211; Boca Unidos-Villa San Carlos, \u00e1rbitro: H\u00e9ctor Paletta (en Hurac\u00e1n de Corrientes)<br \/>\n20.00&#8211; San Mart\u00edn de San Juan-Gimnasia y Esgrima de Jujuy, \u00e1rbitro: Luis \u00c1lvarez<br \/>\n20.15&#8211; At. Tucum\u00e1n-Hurac\u00e1n, \u00e1rbitro: Juan Pablo Pompei \u00a0 \u00a0(TV)<br \/>\n20.15&#8211; Patronato-Talleres, \u00e1rbitro: Sergio Pezzotta<br \/>\n\u00a0<br \/>\nLunes 21 de octubre<br \/>\n15.30&#8211; Brown de Adrogu\u00e9-Sarmiento, \u00e1rbitro: Ariel Penel<br \/>\n18.00&#8211; Ferro Carril Oeste-Sp. Belgrano, \u00e1rbitro: Alejandro Sabino \u00a0 (TV)<br \/>\n20.15&#8211; Def. y Justicia-Alte. Brown, \u00e1rbitro: Fernando Rapallini \u00a0 (TV)<br \/>\n20.30&#8211; Douglas Haig-Independiente Rivadavia, \u00e1rbitro: Ariel Su\u00e1rez<br \/>\n\u00a0<br \/>\nPENDIENTE FECHA 11<br \/>\nJueves 24 de octubre<br \/>\n16.15&#8211;Independiente-Uni\u00f3n, \u00e1rbitro: Diego Ceballos (TV)<\/p>\n","protected":false},"excerpt":{"rendered":"<p>\u00a0 Por la 13ra. fecha de la B Nacional, el s\u00e1bado a las 16, abrir\u00e1n la fecha Independiente-Crucero del Norte. En la continuidad de la jornada se jugar\u00e1n dos partidos. El domingo y el lunes se disputar\u00e1n cuatro encuentros.As\u00ec se jugar\u00e1 seg\u00fan el siguiente cronograma: \u00a0 S\u00e1bado 19 de octubre 16.00&#8211; Independiente-Crucero del Norte, \u00e1rbitro: [&hellip;]<\/p>\n","protected":false},"author":2,"featured_media":21329,"comment_status":"open","ping_status":"open","sticky":false,"template":"","format":"standard","meta":{"_et_pb_use_builder":"","_et_pb_old_content":"","_et_gb_content_width":"","footnotes":""},"categories":[47,14],"tags":[],"class_list":["post-21328","post","type-post","status-publish","format-standard","has-post-thumbnail","hentry","category-1o-division-b-nacional","category-deportes"],"_links":{"self":[{"href":"https:\/\/vocesdebaires.com.ar\/index.php\/wp-json\/wp\/v2\/posts\/21328"}],"collection":[{"href":"https:\/\/vocesdebaires.com.ar\/index.php\/wp-json\/wp\/v2\/posts"}],"about":[{"href":"https:\/\/vocesdebaires.com.ar\/index.php\/wp-json\/wp\/v2\/types\/post"}],"author":[{"embeddable":true,"href":"https:\/\/vocesdebaires.com.ar\/index.php\/wp-json\/wp\/v2\/users\/2"}],"replies":[{"embeddable":true,"href":"https:\/\/vocesdebaires.com.ar\/index.php\/wp-json\/wp\/v2\/comments?post=21328"}],"version-history":[{"count":0,"href":"https:\/\/vocesdebaires.com.ar\/index.php\/wp-json\/wp\/v2\/posts\/21328\/revisions"}],"wp:featuredmedia":[{"embeddable":true,"href":"https:\/\/vocesdebaires.com.ar\/index.php\/wp-json\/wp\/v2\/media\/21329"}],"wp:attachment":[{"href":"https:\/\/vocesdebaires.com.ar\/index.php\/wp-json\/wp\/v2\/media?parent=21328"}],"wp:term":[{"taxonomy":"category","embeddable":true,"href":"https:\/\/vocesdebaires.com.ar\/index.php\/wp-json\/wp\/v2\/categories?post=21328"},{"taxonomy":"post_tag","embeddable":true,"href":"https:\/\/vocesdebaires.com.ar\/index.php\/wp-json\/wp\/v2\/tags?post=21328"}],"curies":[{"name":"wp","href":"https:\/\/api.w.org\/{rel}","templated":true}]}}