{"id":21330,"date":"2013-10-18T14:14:22","date_gmt":"2013-10-18T17:14:22","guid":{"rendered":"http:\/\/vocesdebaires.com.ar\/wordpress\/index.php\/2013\/10\/18\/ranking-fifa-argentina-se-ubica-en-el-tercer-lugar-3\/"},"modified":"2013-10-18T14:14:22","modified_gmt":"2013-10-18T17:14:22","slug":"ranking-fifa-argentina-se-ubica-en-el-tercer-lugar-3","status":"publish","type":"post","link":"https:\/\/vocesdebaires.com.ar\/index.php\/2013\/10\/18\/ranking-fifa-argentina-se-ubica-en-el-tercer-lugar-3\/","title":{"rendered":"Ranking FIFA: Argentina se ubica en el tercer lugar"},"content":{"rendered":"<p>\u00a0<br \/>\n El Seleccionado Nacional se ubica en el tercer puesto en el Ranking Mundial de la FIFA, que actualmente es liderado por Espa\u00f1a con 1513 puntos.Argentina se encuentra en el tercer lugar con 1266 puntos. Espa\u00f1a, el \u00faltimo campe\u00f3n de la Copa del Mundo, lidera el ranking.<br \/>\n\u00a0<br \/>\n\u00a0<br \/>\n\u00a0<br \/>\n &lt;img src=&quot;images\/stories\/fifarank.jpg&quot; border=&quot;0&quot; align=&quot;left&quot; \/&gt;<br \/>\n\u00a0<br \/>\n\u00a0<br \/>\n\u00a0<br \/>\n\u00a0<br \/>\n\u00a0<br \/>\n\u00a0<br \/>\n\u00a0<br \/>\n\u00a0<br \/>\n\u00a0<br \/>\n\u00a0<br \/>\n\u00a0<br \/>\n\u00a0<br \/>\n\u00a0<br \/>\n\u00a0<br \/>\n\u00a0<br \/>\n\u00a0<br \/>\n\u00a0<br \/>\n\u00a0<br \/>\n\u00a0<br \/>\n\u00a0<br \/>\n\u00a0<br \/>\n\u00a0<br \/>\n\u00a0<br \/>\n\u00a0<br \/>\n\u00a0<\/p>\n","protected":false},"excerpt":{"rendered":"<p>\u00a0 El Seleccionado Nacional se ubica en el tercer puesto en el Ranking Mundial de la FIFA, que actualmente es liderado por Espa\u00f1a con 1513 puntos.Argentina se encuentra en el tercer lugar con 1266 puntos. Espa\u00f1a, el \u00faltimo campe\u00f3n de la Copa del Mundo, lidera el ranking. \u00a0 \u00a0 \u00a0 &lt;img src=&quot;images\/stories\/fifarank.jpg&quot; border=&quot;0&quot; align=&quot;left&quot; \/&gt; [&hellip;]<\/p>\n","protected":false},"author":2,"featured_media":21331,"comment_status":"open","ping_status":"open","sticky":false,"template":"","format":"standard","meta":{"_et_pb_use_builder":"","_et_pb_old_content":"","_et_gb_content_width":"","footnotes":""},"categories":[14,49],"tags":[],"class_list":["post-21330","post","type-post","status-publish","format-standard","has-post-thumbnail","hentry","category-deportes","category-seleccion-argentina-2"],"_links":{"self":[{"href":"https:\/\/vocesdebaires.com.ar\/index.php\/wp-json\/wp\/v2\/posts\/21330"}],"collection":[{"href":"https:\/\/vocesdebaires.com.ar\/index.php\/wp-json\/wp\/v2\/posts"}],"about":[{"href":"https:\/\/vocesdebaires.com.ar\/index.php\/wp-json\/wp\/v2\/types\/post"}],"author":[{"embeddable":true,"href":"https:\/\/vocesdebaires.com.ar\/index.php\/wp-json\/wp\/v2\/users\/2"}],"replies":[{"embeddable":true,"href":"https:\/\/vocesdebaires.com.ar\/index.php\/wp-json\/wp\/v2\/comments?post=21330"}],"version-history":[{"count":0,"href":"https:\/\/vocesdebaires.com.ar\/index.php\/wp-json\/wp\/v2\/posts\/21330\/revisions"}],"wp:featuredmedia":[{"embeddable":true,"href":"https:\/\/vocesdebaires.com.ar\/index.php\/wp-json\/wp\/v2\/media\/21331"}],"wp:attachment":[{"href":"https:\/\/vocesdebaires.com.ar\/index.php\/wp-json\/wp\/v2\/media?parent=21330"}],"wp:term":[{"taxonomy":"category","embeddable":true,"href":"https:\/\/vocesdebaires.com.ar\/index.php\/wp-json\/wp\/v2\/categories?post=21330"},{"taxonomy":"post_tag","embeddable":true,"href":"https:\/\/vocesdebaires.com.ar\/index.php\/wp-json\/wp\/v2\/tags?post=21330"}],"curies":[{"name":"wp","href":"https:\/\/api.w.org\/{rel}","templated":true}]}}