{"id":21332,"date":"2013-10-18T14:56:50","date_gmt":"2013-10-18T17:56:50","guid":{"rendered":"http:\/\/vocesdebaires.com.ar\/wordpress\/index.php\/2013\/10\/18\/primera-b-se-enfrentaran-platense-dep-merlo\/"},"modified":"2013-10-18T14:56:50","modified_gmt":"2013-10-18T17:56:50","slug":"primera-b-se-enfrentaran-platense-dep-merlo","status":"publish","type":"post","link":"https:\/\/vocesdebaires.com.ar\/index.php\/2013\/10\/18\/primera-b-se-enfrentaran-platense-dep-merlo\/","title":{"rendered":"Primera B:  Se enfrentar\u00e1n Platense &#8211; Dep.  Merlo"},"content":{"rendered":"<p>\u00a0<br \/>\n Platense y Deportivo Merlo se enfrentar\u00e1n el s\u00e1bado, en el inicio de la fecha 14. En la continuidad de la jornada se disputar\u00e1n cuatro cotejos. El domingo y el lunes se jugar\u00e1n dos encuentros. El martes cerrar\u00e1n Dep. Mor\u00f3n-Comunicaciones. Se jugar\u00e1 seg\u00fan el siguiente cronograma:<br \/>\n\u00a0<br \/>\nS\u00e1bado 19 de octubre<br \/>\n11.00&#8211; Platense-Dep. Merlo, \u00e1rbitro: Mart\u00edn Gonaldi<br \/>\n13.05&#8211; Nva. Chicago-Almagro, \u00e1rbitro: Hern\u00e1n Mastr\u00e1ngelo (TV)<br \/>\n15.05&#8211; Barracas Central-Chacarita Jrs., \u00e1rbitro: Ignacio Lupani \u00a0(TV)<br \/>\n15.30&#8211; Flandria-Trist\u00e1n Su\u00e1rez, \u00e1rbitro: Paulo Vigliano<br \/>\n15.30&#8211; Def. de Belgrano-Colegiales, \u00e1rbitro: Germ\u00e1n Berm\u00fadez<br \/>\n\u00a0<br \/>\nDomingo 20 de octubre<br \/>\n21.00&#8211; Los Andes-Temperley, \u00e1rbitro: Nicol\u00e1s Lamolina<br \/>\n21.00&#8211; Estudiantes-Dep. Armenio, \u00e1rbitro: Gast\u00f3n Meineri<br \/>\n\u00a0<br \/>\nLunes 21 de octubre<br \/>\n15.30&#8211; UAI \u00a0Urquiza-Atlanta, \u00e1rbitro: Pablo Gim\u00e9nez<br \/>\n21.00&#8211; Acassuso-F\u00e9nix, \u00e1rbitro: Julio Barraza (En Platense)<br \/>\n\u00a0<br \/>\nMartes 22 de octubre<br \/>\n21.00&#8211; Dep. Mor\u00f3n-Comunicaciones, \u00e1rbitro: Carlos Stoklas (TV)<br \/>\n\u00a0<br \/>\nPENDIENTES FECHA 8<br \/>\nViernes 25 de octubre<br \/>\n16.00&#8211;Estudiantes-F\u00e9nix, \u00e1rbitro: Germ\u00e1n Berm\u00fadez<br \/>\n21.00&#8211;Los Andes-Nueva Chicago, \u00e1rbitro: Lucas Di Bastiano<br \/>\n\u00a0<br \/>\n\u00a0<br \/>\n\u00a0<\/p>\n","protected":false},"excerpt":{"rendered":"<p>\u00a0 Platense y Deportivo Merlo se enfrentar\u00e1n el s\u00e1bado, en el inicio de la fecha 14. En la continuidad de la jornada se disputar\u00e1n cuatro cotejos. El domingo y el lunes se jugar\u00e1n dos encuentros. El martes cerrar\u00e1n Dep. Mor\u00f3n-Comunicaciones. Se jugar\u00e1 seg\u00fan el siguiente cronograma: \u00a0 S\u00e1bado 19 de octubre 11.00&#8211; Platense-Dep. Merlo, \u00e1rbitro: [&hellip;]<\/p>\n","protected":false},"author":2,"featured_media":21333,"comment_status":"open","ping_status":"open","sticky":false,"template":"","format":"standard","meta":{"_et_pb_use_builder":"","_et_pb_old_content":"","_et_gb_content_width":"","footnotes":""},"categories":[53,14],"tags":[],"class_list":["post-21332","post","type-post","status-publish","format-standard","has-post-thumbnail","hentry","category-1o-b-metropolitana","category-deportes"],"_links":{"self":[{"href":"https:\/\/vocesdebaires.com.ar\/index.php\/wp-json\/wp\/v2\/posts\/21332"}],"collection":[{"href":"https:\/\/vocesdebaires.com.ar\/index.php\/wp-json\/wp\/v2\/posts"}],"about":[{"href":"https:\/\/vocesdebaires.com.ar\/index.php\/wp-json\/wp\/v2\/types\/post"}],"author":[{"embeddable":true,"href":"https:\/\/vocesdebaires.com.ar\/index.php\/wp-json\/wp\/v2\/users\/2"}],"replies":[{"embeddable":true,"href":"https:\/\/vocesdebaires.com.ar\/index.php\/wp-json\/wp\/v2\/comments?post=21332"}],"version-history":[{"count":0,"href":"https:\/\/vocesdebaires.com.ar\/index.php\/wp-json\/wp\/v2\/posts\/21332\/revisions"}],"wp:featuredmedia":[{"embeddable":true,"href":"https:\/\/vocesdebaires.com.ar\/index.php\/wp-json\/wp\/v2\/media\/21333"}],"wp:attachment":[{"href":"https:\/\/vocesdebaires.com.ar\/index.php\/wp-json\/wp\/v2\/media?parent=21332"}],"wp:term":[{"taxonomy":"category","embeddable":true,"href":"https:\/\/vocesdebaires.com.ar\/index.php\/wp-json\/wp\/v2\/categories?post=21332"},{"taxonomy":"post_tag","embeddable":true,"href":"https:\/\/vocesdebaires.com.ar\/index.php\/wp-json\/wp\/v2\/tags?post=21332"}],"curies":[{"name":"wp","href":"https:\/\/api.w.org\/{rel}","templated":true}]}}