{"id":21334,"date":"2013-10-18T15:02:54","date_gmt":"2013-10-18T18:02:54","guid":{"rendered":"http:\/\/vocesdebaires.com.ar\/wordpress\/index.php\/2013\/10\/18\/alem-y-luganoen-el-arranque-de-la-fecha\/"},"modified":"2013-10-18T15:02:54","modified_gmt":"2013-10-18T18:02:54","slug":"alem-y-luganoen-el-arranque-de-la-fecha","status":"publish","type":"post","link":"https:\/\/vocesdebaires.com.ar\/index.php\/2013\/10\/18\/alem-y-luganoen-el-arranque-de-la-fecha\/","title":{"rendered":"Alem y Lugano,en el arranque de la fecha"},"content":{"rendered":"<p>\u00a0<br \/>\n Por la 12da. fecha de la Primera Divisi\u00f3n D, hoy a las 15.30, L.N. Alem recibir\u00e1 a Lugano. En la jornada del s\u00e1bado se jugar\u00e1n seis encuentros. El domingo cierran El Porvenir-Ca\u00f1uelas y Dep. Paraguayo-Atlas.Se jugar\u00e1 seg\u00fan el siguiente cronograma:<br \/>\n\u00a0<br \/>\nViernes 18 de octubre<br \/>\n15.30&#8211; L.N. Alem-Lugano, \u00e1rbitro: Hern\u00e1n Dellacasa<br \/>\n\u00a0<br \/>\nS\u00e1bado 19 de octubre<br \/>\n11.00&#8211; San Mart\u00edn-San Miguel, \u00e1rbitro: Mariano Zunino<br \/>\n15.30&#8211; Sp. Barracas-Yupanqui, \u00e1rbitro: Ariel Rold\u00e1n (en Sp. Italiano)<br \/>\n15.30&#8211; Mu\u00f1iz-Claypole, \u00e1rbitro: \u00a0Alejandro Ram\u00edrez (en Puerto Nuevo)<br \/>\n15.30&#8211; Rec. Espa\u00f1ol-Ctral. Ballester, \u00e1rbitro: Juan Pafundi (en Lugano)<br \/>\n15.30&#8211; J. Unida-Victoriano Arenas, \u00e1rbitro: Maximiliano Ram\u00edrez<br \/>\n15.30&#8211; Argentino (Ros.)-Dep. Riestra, \u00e1rbitro: Mariano Negrete<br \/>\n\u00a0<br \/>\nDomingo 20 de octubre<br \/>\n11.00&#8211; El Porvenir-Ca\u00f1uelas F.C., \u00e1rbitro: Santiago Jorge Mitre<br \/>\n11.00&#8211; Dep. Paraguayo-Atlas, \u00e1rbitro: Lucas Comesa\u00f1a (en Liniers)<\/p>\n","protected":false},"excerpt":{"rendered":"<p>\u00a0 Por la 12da. fecha de la Primera Divisi\u00f3n D, hoy a las 15.30, L.N. Alem recibir\u00e1 a Lugano. En la jornada del s\u00e1bado se jugar\u00e1n seis encuentros. El domingo cierran El Porvenir-Ca\u00f1uelas y Dep. Paraguayo-Atlas.Se jugar\u00e1 seg\u00fan el siguiente cronograma: \u00a0 Viernes 18 de octubre 15.30&#8211; L.N. Alem-Lugano, \u00e1rbitro: Hern\u00e1n Dellacasa \u00a0 S\u00e1bado 19 [&hellip;]<\/p>\n","protected":false},"author":2,"featured_media":21335,"comment_status":"open","ping_status":"open","sticky":false,"template":"","format":"standard","meta":{"_et_pb_use_builder":"","_et_pb_old_content":"","_et_gb_content_width":"","footnotes":""},"categories":[55,14],"tags":[],"class_list":["post-21334","post","type-post","status-publish","format-standard","has-post-thumbnail","hentry","category-1o-division-d","category-deportes"],"_links":{"self":[{"href":"https:\/\/vocesdebaires.com.ar\/index.php\/wp-json\/wp\/v2\/posts\/21334"}],"collection":[{"href":"https:\/\/vocesdebaires.com.ar\/index.php\/wp-json\/wp\/v2\/posts"}],"about":[{"href":"https:\/\/vocesdebaires.com.ar\/index.php\/wp-json\/wp\/v2\/types\/post"}],"author":[{"embeddable":true,"href":"https:\/\/vocesdebaires.com.ar\/index.php\/wp-json\/wp\/v2\/users\/2"}],"replies":[{"embeddable":true,"href":"https:\/\/vocesdebaires.com.ar\/index.php\/wp-json\/wp\/v2\/comments?post=21334"}],"version-history":[{"count":0,"href":"https:\/\/vocesdebaires.com.ar\/index.php\/wp-json\/wp\/v2\/posts\/21334\/revisions"}],"wp:featuredmedia":[{"embeddable":true,"href":"https:\/\/vocesdebaires.com.ar\/index.php\/wp-json\/wp\/v2\/media\/21335"}],"wp:attachment":[{"href":"https:\/\/vocesdebaires.com.ar\/index.php\/wp-json\/wp\/v2\/media?parent=21334"}],"wp:term":[{"taxonomy":"category","embeddable":true,"href":"https:\/\/vocesdebaires.com.ar\/index.php\/wp-json\/wp\/v2\/categories?post=21334"},{"taxonomy":"post_tag","embeddable":true,"href":"https:\/\/vocesdebaires.com.ar\/index.php\/wp-json\/wp\/v2\/tags?post=21334"}],"curies":[{"name":"wp","href":"https:\/\/api.w.org\/{rel}","templated":true}]}}