{"id":21336,"date":"2013-10-18T15:09:14","date_gmt":"2013-10-18T18:09:14","guid":{"rendered":"http:\/\/vocesdebaires.com.ar\/wordpress\/index.php\/2013\/10\/18\/primera-division-c-excursionistas-recibira-a-dock-sud\/"},"modified":"2013-10-18T15:09:14","modified_gmt":"2013-10-18T18:09:14","slug":"primera-division-c-excursionistas-recibira-a-dock-sud","status":"publish","type":"post","link":"https:\/\/vocesdebaires.com.ar\/index.php\/2013\/10\/18\/primera-division-c-excursionistas-recibira-a-dock-sud\/","title":{"rendered":"Primera Divisi\u00f3n C: Excursionistas recibir\u00e1 a Dock Sud"},"content":{"rendered":"<p>\u00a0<br \/>\n Hoy, en el inicio de la fecha, Excursionistas enfrentar\u00e1 a Dock Sud. El s\u00e1bado se jugar\u00e1n tres partidos y el lunes seis.Se jugar\u00e1 seg\u00fan el siguiente cronograma:<br \/>\n Viernes 18 de octubre<br \/>\n15.45&#8211; Excursionistas-Dock Sud, \u00e1rbitro: Cristian Ben\u00edtez<br \/>\n S\u00e1bado 19 de octubre<br \/>\n11.00&#8211; Arg. de Quilmes-Gral. Lamadrid, \u00e1rbitro: Fernando Velarde<br \/>\n15.30&#8211; Liniers-Deportivo Espa\u00f1ol, \u00e1rbitro: Gast\u00f3n Iglesias<br \/>\n15.30&#8211; Ctral. C\u00f3rdoba-Berazategui, \u00e1rbitro: Am\u00e9rico Monsalvo<br \/>\n Lunes 21 de octubre<br \/>\n15.30&#8211; Sacachispas-Def. Unidos, \u00e1rbitro: Dami\u00e1n Rubino<br \/>\n15.30&#8211; Midland-J.J. de Urquiza, \u00e1rbitro: Cristian Su\u00e1rez<br \/>\n15.30&#8211; San Telmo-Talleres (R.E.), \u00e1rbitro: Leandro Reyhilfer<br \/>\n15.30&#8211; Luj\u00e1n-Sp. Italiano, \u00e1rbitro: Diego Colombo<br \/>\n15.30&#8211; Def. de Cambaceres-Argentino de Merlo, \u00e1rbitro: Mauro Biasutto<br \/>\n21.00&#8211; Dep. Laferrere-Ituzaing\u00f3, \u00e1rbitro: Rodrigo Pafundi<\/p>\n","protected":false},"excerpt":{"rendered":"<p>\u00a0 Hoy, en el inicio de la fecha, Excursionistas enfrentar\u00e1 a Dock Sud. El s\u00e1bado se jugar\u00e1n tres partidos y el lunes seis.Se jugar\u00e1 seg\u00fan el siguiente cronograma: Viernes 18 de octubre 15.45&#8211; Excursionistas-Dock Sud, \u00e1rbitro: Cristian Ben\u00edtez S\u00e1bado 19 de octubre 11.00&#8211; Arg. de Quilmes-Gral. Lamadrid, \u00e1rbitro: Fernando Velarde 15.30&#8211; Liniers-Deportivo Espa\u00f1ol, \u00e1rbitro: Gast\u00f3n [&hellip;]<\/p>\n","protected":false},"author":2,"featured_media":21337,"comment_status":"open","ping_status":"open","sticky":false,"template":"","format":"standard","meta":{"_et_pb_use_builder":"","_et_pb_old_content":"","_et_gb_content_width":"","footnotes":""},"categories":[54,14],"tags":[],"class_list":["post-21336","post","type-post","status-publish","format-standard","has-post-thumbnail","hentry","category-1o-division-c","category-deportes"],"_links":{"self":[{"href":"https:\/\/vocesdebaires.com.ar\/index.php\/wp-json\/wp\/v2\/posts\/21336"}],"collection":[{"href":"https:\/\/vocesdebaires.com.ar\/index.php\/wp-json\/wp\/v2\/posts"}],"about":[{"href":"https:\/\/vocesdebaires.com.ar\/index.php\/wp-json\/wp\/v2\/types\/post"}],"author":[{"embeddable":true,"href":"https:\/\/vocesdebaires.com.ar\/index.php\/wp-json\/wp\/v2\/users\/2"}],"replies":[{"embeddable":true,"href":"https:\/\/vocesdebaires.com.ar\/index.php\/wp-json\/wp\/v2\/comments?post=21336"}],"version-history":[{"count":0,"href":"https:\/\/vocesdebaires.com.ar\/index.php\/wp-json\/wp\/v2\/posts\/21336\/revisions"}],"wp:featuredmedia":[{"embeddable":true,"href":"https:\/\/vocesdebaires.com.ar\/index.php\/wp-json\/wp\/v2\/media\/21337"}],"wp:attachment":[{"href":"https:\/\/vocesdebaires.com.ar\/index.php\/wp-json\/wp\/v2\/media?parent=21336"}],"wp:term":[{"taxonomy":"category","embeddable":true,"href":"https:\/\/vocesdebaires.com.ar\/index.php\/wp-json\/wp\/v2\/categories?post=21336"},{"taxonomy":"post_tag","embeddable":true,"href":"https:\/\/vocesdebaires.com.ar\/index.php\/wp-json\/wp\/v2\/tags?post=21336"}],"curies":[{"name":"wp","href":"https:\/\/api.w.org\/{rel}","templated":true}]}}