{"id":21370,"date":"2013-10-21T14:27:44","date_gmt":"2013-10-21T17:27:44","guid":{"rendered":"http:\/\/vocesdebaires.com.ar\/wordpress\/index.php\/2013\/10\/21\/river-genero-mucho-pero-no-pudo-con-belgrano\/"},"modified":"2013-10-21T14:27:44","modified_gmt":"2013-10-21T17:27:44","slug":"river-genero-mucho-pero-no-pudo-con-belgrano","status":"publish","type":"post","link":"https:\/\/vocesdebaires.com.ar\/index.php\/2013\/10\/21\/river-genero-mucho-pero-no-pudo-con-belgrano\/","title":{"rendered":"River gener\u00f3 mucho pero no pudo con Belgrano"},"content":{"rendered":"<p>\u00a0<br \/>\n Belgrano, ese equipo que tantos malos recuerdos le trae a River. Ese que all\u00e1 por el 2011 lo mand\u00f3 a la B tras ganarle la promoci\u00f3n en el Monumental. Aquel d\u00eda Juan Carlos Olave le ataj\u00f3 un penal al delantero millonario Mariano Pavone y, creer o reventar, el a\u00f1o pasado Gabriel Funes Mori fall\u00f3 la situaci\u00f3n desde los doce pasos tras mandar su remate por arriba del travse\u00f1a\u00f1o, lo mismo que hizo hoy Te\u00f3filo Guti\u00e9rrez.  Fue a los 4 minutos del segundo tiempo cuando el atacante colombiano tuvo la situaci\u00f3n m\u00e1s clara para abrir el marcador en N\u00fa\u00f1ez, pero la tercera no fue la vencida. El ex Racing se par\u00f3 ante el bal\u00f3n con una corta distancia y el disparo se fue por arriba del horizontal.<br \/>\n Antes de esa ocasi\u00f3n, el equipo de Ram\u00f3n D\u00edaz empez\u00f3 el segundo tiempo con una muestra similar a los primeros 45 minutos, donde fue el m\u00e1s peligroso y agigant\u00f3 la figura de Sebasti\u00e1n Bl\u00e1zquez en el arco pirata. La m\u00e1s clara la tuvo Rodrigo Mora, quien captur\u00f3 un rebote y no le acert\u00f3 al arco con su tiro, cuando el 1 ya estaba vencido. Con el empate final, los hinchas expresaron su descontento cuando se despidi\u00f3 el equipo. Es que River dej\u00f3 atr\u00e1s dos derrotas en fila, pero acumula tres partidos sin anotar y sigue lejos del l\u00edder Newell\u2019s (11 puntos), por lo que tendr\u00e1 que meterse de lleno en la lucha por la Copa Sudamericana. Belgrano, por su parte, tambi\u00e9n est\u00e1 lejos de la Lepra (10) y en la pr\u00f3xima fecha enfrentar\u00e1 al entonado Central que hoy gan\u00f3 el cl\u00e1sico rosarino.<\/p>\n","protected":false},"excerpt":{"rendered":"<p>\u00a0 Belgrano, ese equipo que tantos malos recuerdos le trae a River. Ese que all\u00e1 por el 2011 lo mand\u00f3 a la B tras ganarle la promoci\u00f3n en el Monumental. Aquel d\u00eda Juan Carlos Olave le ataj\u00f3 un penal al delantero millonario Mariano Pavone y, creer o reventar, el a\u00f1o pasado Gabriel Funes Mori fall\u00f3 [&hellip;]<\/p>\n","protected":false},"author":2,"featured_media":21371,"comment_status":"open","ping_status":"open","sticky":false,"template":"","format":"standard","meta":{"_et_pb_use_builder":"","_et_pb_old_content":"","_et_gb_content_width":"","footnotes":""},"categories":[39,14],"tags":[],"class_list":["post-21370","post","type-post","status-publish","format-standard","has-post-thumbnail","hentry","category-1o-division-a","category-deportes"],"_links":{"self":[{"href":"https:\/\/vocesdebaires.com.ar\/index.php\/wp-json\/wp\/v2\/posts\/21370"}],"collection":[{"href":"https:\/\/vocesdebaires.com.ar\/index.php\/wp-json\/wp\/v2\/posts"}],"about":[{"href":"https:\/\/vocesdebaires.com.ar\/index.php\/wp-json\/wp\/v2\/types\/post"}],"author":[{"embeddable":true,"href":"https:\/\/vocesdebaires.com.ar\/index.php\/wp-json\/wp\/v2\/users\/2"}],"replies":[{"embeddable":true,"href":"https:\/\/vocesdebaires.com.ar\/index.php\/wp-json\/wp\/v2\/comments?post=21370"}],"version-history":[{"count":0,"href":"https:\/\/vocesdebaires.com.ar\/index.php\/wp-json\/wp\/v2\/posts\/21370\/revisions"}],"wp:featuredmedia":[{"embeddable":true,"href":"https:\/\/vocesdebaires.com.ar\/index.php\/wp-json\/wp\/v2\/media\/21371"}],"wp:attachment":[{"href":"https:\/\/vocesdebaires.com.ar\/index.php\/wp-json\/wp\/v2\/media?parent=21370"}],"wp:term":[{"taxonomy":"category","embeddable":true,"href":"https:\/\/vocesdebaires.com.ar\/index.php\/wp-json\/wp\/v2\/categories?post=21370"},{"taxonomy":"post_tag","embeddable":true,"href":"https:\/\/vocesdebaires.com.ar\/index.php\/wp-json\/wp\/v2\/tags?post=21370"}],"curies":[{"name":"wp","href":"https:\/\/api.w.org\/{rel}","templated":true}]}}