{"id":21376,"date":"2013-10-21T14:57:55","date_gmt":"2013-10-21T17:57:55","guid":{"rendered":"http:\/\/vocesdebaires.com.ar\/wordpress\/index.php\/2013\/10\/21\/grondona-estuvo-presente-en-la-jornada-de-fifa-uca\/"},"modified":"2013-10-21T14:57:55","modified_gmt":"2013-10-21T17:57:55","slug":"grondona-estuvo-presente-en-la-jornada-de-fifa-uca","status":"publish","type":"post","link":"https:\/\/vocesdebaires.com.ar\/index.php\/2013\/10\/21\/grondona-estuvo-presente-en-la-jornada-de-fifa-uca\/","title":{"rendered":"Grondona, estuvo presente en la jornada de FIFA\/UCA"},"content":{"rendered":"<p>\u00a0<br \/>\n La Universidad Cat\u00f3lica Argentina (UCA) y el Centro Internacional de Estudios del Deporte (CIES), entidad creada por la FIFA,se realizo \u00a0la jornada sobre &quot;La Copa del Mundo en Am\u00e9rica del Sur: Historia, Organizaci\u00f3n y Legado&quot;, con el fin de conmemorar los diez a\u00f1os de asociaci\u00f3n entre ambas entidades. En la apertura de la jornada, estuvieron presentes el Presidente de la Asociaci\u00f3n del F\u00fatbol Argentino, Sr. Julio Grondona y el Presidente de la Confederaci\u00f3n Sudamericana de F\u00fatbol, Se. Eugenio Figueredo.<br \/>\n &quot;Tal como lo expres\u00f3 Julio Grondona, desde el Mundial de Uruguay en 1930, el futbol se volvi\u00f3 muy profesional, se intrudujeron los medios de comunicaci\u00f3n, aparecieron los grandes contratos y la FIFA se convirti\u00f3 en una multinacional. El dinero comienz\u00f3 a entrar en las asociaciones y de las asociaciones va a los clubes&quot;.  &quot;Hoy nos encontramos con que quienes est\u00e1n en el f\u00fatbol, al mando de los diferentes clubes, est\u00e1n por pasi\u00f3n y esto produce un gran desequilibrio a nivel econ\u00f3mico&quot;. &quot;Mediante la introducci\u00f3n de las nuevas tecnolog\u00edas y el aprendizaje, se va a instruir a los nuevos directivos, para demostrarle que todo aquello que se aprende en lso vestuarios no alcanza. &quot;. &quot;La tarea que est\u00e1 realizando el CIES es fundamental, y qcreo que se tiene que transmitir en todos los clubes para que se logre el equilibrio necesario&quot;.<br \/>\n&lt;div&gt;FOTOS:\u00a0De izquierda a derecha: Sr. Julio Grondona, Presidente de la Asociaci\u00f3n del F\u00fatbol Argentino, Sr. Jos\u00e9 Clari\u00e1, Director del programa UCA\/FIFA\/CIES en gesti\u00f3n deportiva: Sr. Bertrand Reeb, Presidente del CIES y el Sr. Eugenio Figueredo, Presidente de la Confederaci\u00f3n Sudamericana de F\u00fatbol.&lt;\/div&gt;<\/p>\n","protected":false},"excerpt":{"rendered":"<p>\u00a0 La Universidad Cat\u00f3lica Argentina (UCA) y el Centro Internacional de Estudios del Deporte (CIES), entidad creada por la FIFA,se realizo \u00a0la jornada sobre &quot;La Copa del Mundo en Am\u00e9rica del Sur: Historia, Organizaci\u00f3n y Legado&quot;, con el fin de conmemorar los diez a\u00f1os de asociaci\u00f3n entre ambas entidades. En la apertura de la jornada, [&hellip;]<\/p>\n","protected":false},"author":2,"featured_media":21377,"comment_status":"open","ping_status":"open","sticky":false,"template":"","format":"standard","meta":{"_et_pb_use_builder":"","_et_pb_old_content":"","_et_gb_content_width":"","footnotes":""},"categories":[14,49],"tags":[],"class_list":["post-21376","post","type-post","status-publish","format-standard","has-post-thumbnail","hentry","category-deportes","category-seleccion-argentina-2"],"_links":{"self":[{"href":"https:\/\/vocesdebaires.com.ar\/index.php\/wp-json\/wp\/v2\/posts\/21376"}],"collection":[{"href":"https:\/\/vocesdebaires.com.ar\/index.php\/wp-json\/wp\/v2\/posts"}],"about":[{"href":"https:\/\/vocesdebaires.com.ar\/index.php\/wp-json\/wp\/v2\/types\/post"}],"author":[{"embeddable":true,"href":"https:\/\/vocesdebaires.com.ar\/index.php\/wp-json\/wp\/v2\/users\/2"}],"replies":[{"embeddable":true,"href":"https:\/\/vocesdebaires.com.ar\/index.php\/wp-json\/wp\/v2\/comments?post=21376"}],"version-history":[{"count":0,"href":"https:\/\/vocesdebaires.com.ar\/index.php\/wp-json\/wp\/v2\/posts\/21376\/revisions"}],"wp:featuredmedia":[{"embeddable":true,"href":"https:\/\/vocesdebaires.com.ar\/index.php\/wp-json\/wp\/v2\/media\/21377"}],"wp:attachment":[{"href":"https:\/\/vocesdebaires.com.ar\/index.php\/wp-json\/wp\/v2\/media?parent=21376"}],"wp:term":[{"taxonomy":"category","embeddable":true,"href":"https:\/\/vocesdebaires.com.ar\/index.php\/wp-json\/wp\/v2\/categories?post=21376"},{"taxonomy":"post_tag","embeddable":true,"href":"https:\/\/vocesdebaires.com.ar\/index.php\/wp-json\/wp\/v2\/tags?post=21376"}],"curies":[{"name":"wp","href":"https:\/\/api.w.org\/{rel}","templated":true}]}}