{"id":2145,"date":"2020-03-02T03:00:00","date_gmt":"2020-03-02T06:00:00","guid":{"rendered":"http:\/\/vocesdebaires.com.ar\/wordpress\/index.php\/2020\/03\/02\/pasaje-lanin-donde-las-paredes-son-lienzos\/"},"modified":"2020-03-02T03:00:00","modified_gmt":"2020-03-02T06:00:00","slug":"pasaje-lanin-donde-las-paredes-son-lienzos","status":"publish","type":"post","link":"https:\/\/vocesdebaires.com.ar\/index.php\/2020\/03\/02\/pasaje-lanin-donde-las-paredes-son-lienzos\/","title":{"rendered":"Pasaje Lan\u00edn, donde las paredes son lienzos"},"content":{"rendered":"<p>El barrio de Barracas fue siempre reconocido por el puente de hierro de la calle Ituzaing\u00f3, el preferido de Borges, tanto as\u00ed que le dedic\u00f3 unos versos en el poema \u201cMateo XXV, 30\u201d. La Iglesia Santa Felicitas y las fachadas de monstruos fabriles se suman a la iconograf\u00eda del lugar. Pero tambi\u00e9n esconde otros atractivos que fueron recuperados con la llegada del siglo XXI. El Pasaje Lan\u00edn es uno de ellos. Figuras abstractas, mosaicos venecianos y azulejos iluminan esta calle, entre Brandsen 2100 y hasta la Avenida Su\u00e1rez 2001, dando a\u00fan m\u00e1s vida al barrio que tantas personalidades de la Cultura eligieron para inspirarse.<\/p>\n<p>Marino Santa Mar\u00eda es el artista pl\u00e1stico que decidi\u00f3 transformar la calle en la que vive en un pasaje digno de ser fotografiado por turistas y porte\u00f1os. A lo largo de tres cuadras, 40 frentes de viviendas pasaron a ser obras de arte urbano logrando combatir la resistencia inicial de los vecinos, quienes entusiasmados solicitaron continuar la obra en sus fachadas. Como broche de oro, al llegar a la esquina de este pintoresco pasaje, sobre la avenida Su\u00e1rez al 2095, se alza La Flor de Barracas. Punto de encuentro de parroquianos y peregrinos, merece la pena sentarse en sus sillas thonet y tomar un caf\u00e9 imaginando el pasado de un barrio en el que conviven s\u00edmbolos tan dispares y testigos de distintas \u00e9pocas: palacios, f\u00e1bricas y los colores de lo nuevo que hoy convierten a Barracas en Distrito de Dise\u00f1o.<\/p>\n<p>Escrita por Patricia Alonso<\/p>\n<p>Foto Prensa GCBA.<\/p>\n","protected":false},"excerpt":{"rendered":"<p>El barrio de Barracas fue siempre reconocido por el puente de hierro de la calle Ituzaing\u00f3, el preferido de Borges, tanto as\u00ed que le dedic\u00f3 unos versos en el poema \u201cMateo XXV, 30\u201d. La Iglesia Santa Felicitas y las fachadas de monstruos fabriles se suman a la iconograf\u00eda del lugar. Pero tambi\u00e9n esconde otros atractivos [&hellip;]<\/p>\n","protected":false},"author":1,"featured_media":2146,"comment_status":"open","ping_status":"open","sticky":false,"template":"","format":"standard","meta":{"_et_pb_use_builder":"","_et_pb_old_content":"","_et_gb_content_width":"","footnotes":""},"categories":[11,32],"tags":[],"class_list":["post-2145","post","type-post","status-publish","format-standard","has-post-thumbnail","hentry","category-ciudad","category-comunas"],"_links":{"self":[{"href":"https:\/\/vocesdebaires.com.ar\/index.php\/wp-json\/wp\/v2\/posts\/2145"}],"collection":[{"href":"https:\/\/vocesdebaires.com.ar\/index.php\/wp-json\/wp\/v2\/posts"}],"about":[{"href":"https:\/\/vocesdebaires.com.ar\/index.php\/wp-json\/wp\/v2\/types\/post"}],"author":[{"embeddable":true,"href":"https:\/\/vocesdebaires.com.ar\/index.php\/wp-json\/wp\/v2\/users\/1"}],"replies":[{"embeddable":true,"href":"https:\/\/vocesdebaires.com.ar\/index.php\/wp-json\/wp\/v2\/comments?post=2145"}],"version-history":[{"count":0,"href":"https:\/\/vocesdebaires.com.ar\/index.php\/wp-json\/wp\/v2\/posts\/2145\/revisions"}],"wp:featuredmedia":[{"embeddable":true,"href":"https:\/\/vocesdebaires.com.ar\/index.php\/wp-json\/wp\/v2\/media\/2146"}],"wp:attachment":[{"href":"https:\/\/vocesdebaires.com.ar\/index.php\/wp-json\/wp\/v2\/media?parent=2145"}],"wp:term":[{"taxonomy":"category","embeddable":true,"href":"https:\/\/vocesdebaires.com.ar\/index.php\/wp-json\/wp\/v2\/categories?post=2145"},{"taxonomy":"post_tag","embeddable":true,"href":"https:\/\/vocesdebaires.com.ar\/index.php\/wp-json\/wp\/v2\/tags?post=2145"}],"curies":[{"name":"wp","href":"https:\/\/api.w.org\/{rel}","templated":true}]}}