{"id":21574,"date":"2013-11-07T14:04:22","date_gmt":"2013-11-07T17:04:22","guid":{"rendered":"http:\/\/vocesdebaires.com.ar\/wordpress\/index.php\/2013\/11\/07\/presupuesto-2014el-ministro-de-modernizacion-explico-la-aplicacion\/"},"modified":"2013-11-07T14:04:22","modified_gmt":"2013-11-07T17:04:22","slug":"presupuesto-2014el-ministro-de-modernizacion-explico-la-aplicacion","status":"publish","type":"post","link":"https:\/\/vocesdebaires.com.ar\/index.php\/2013\/11\/07\/presupuesto-2014el-ministro-de-modernizacion-explico-la-aplicacion\/","title":{"rendered":"Presupuesto 2014:El ministro de Modernizaci\u00f3n explic\u00f3 la aplicaci\u00f3n"},"content":{"rendered":"<p>\u00a0<br \/>\n La Comisi\u00f3n de Presupuesto de la Legislatura porte\u00f1a recibi\u00f3 esta tarde al ministro de Modernizaci\u00f3n del Gobierno porte\u00f1o, Andr\u00e9s Ibarra en el marco de la ronda de reuniones a las que asisten los responsables de todas las \u00e1reas del Gobierno de la Ciudad para el debate del Presupuesto 2014. El proyecto de ley de recursos y gastos para el pr\u00f3ximo a\u00f1o contempla un total de $510 millones de pesos destinados a dicha \u00e1rea del Ejecutivo.<br \/>\nEl funcionario brind\u00f3 una introducci\u00f3n respecto de algunos de los proyectos m\u00e1s destacados que forman parte del Plan de Modernizaci\u00f3n contenido en el proyecto de presupuesto.&quot;A trav\u00e9s de los distintos proyectos distribuidos en cuatro ejes -capital humano, modernizaci\u00f3n administrativa, gobierno abierto y ciudad inteligente- confiamos en transformar al Gobierno de Buenos Aires en una organizaci\u00f3n moderna que pueda brindar mejores respuestas, m\u00e1s r\u00e1pidas, m\u00e1s simples y con menores costos para los ciudadanos&quot;, subray\u00f3 Ibarra.<br \/>\n&quot;El objetivo principal que tenemos desde el Ministerio, y en colaboraci\u00f3n con las dem\u00e1s \u00e1reas de gobierno, es la construcci\u00f3n de una ciudad moderna, integrada con su entorno, que utilice la tecnolog\u00eda como puente para acercarse a quienes la habitan o visitan y que genere nuevos espacios que promuevan una ciudad participativa, integradora e inclusiva. Nuestro concepto de ciudad moderna apunta a trabajar activamente en distintas dimensiones de la vida diaria, como son: la econom\u00eda, la movilidad, la infraestructura urbana, la calidad de vida, el cuidado del medio ambiente y la administraci\u00f3n gubernamental. Para todas estas dimensiones es que estamos trabajando con numerosos proyectos de manera directa o apoyando los planes y acciones de las dem\u00e1s \u00e1reas de gobierno&quot;, expres\u00f3 el funcionario.<br \/>\nCapital Humano<br \/>\nLa pol\u00edtica de Recursos Humanos aplicada por el Ministerio de Modernizaci\u00f3n ha hecho foco en la actualizaci\u00f3n de los procesos tecnol\u00f3gicos y administrativos y en la capacitaci\u00f3n y valoraci\u00f3n del capital humano, seg\u00fan asegur\u00f3 el responsable del \u00e1rea. En ese sentido Ibarra anticip\u00f3 que &quot;Durante el a\u00f1o 2014, continuaremos trabajando en el dise\u00f1o de la Nueva Carrera Administrativa, a fin de otorgarles a los empleados previsibilidad y movilidad en su carrera en funci\u00f3n de su capacitaci\u00f3n y desempe\u00f1o en el puesto de trabajo; y avanzaremos con la creaci\u00f3n de m\u00e1s de 1000 cargos de jefaturas en m\u00e1s de 100 reparticiones del Gobierno&quot;. Tambi\u00e9n explic\u00f3 que planea continuar d\u00e1ndole relevancia no s\u00f3lo a la implementaci\u00f3n de cambios organizacionales que supongan mejores servicios para los ciudadanos, sino tambi\u00e9n a la capacitaci\u00f3n, reconocimiento y valoraci\u00f3n de los empleados, a trav\u00e9s del Instituto Superior de la Carrera y del Programa de Responsabilidad Social en la Administraci\u00f3n P\u00fablica.<br \/>\nAgencia de Sistemas de Informaci\u00f3n (ASI)<br \/>\nEl objetivo de la ASI es el de organizar y coordinar con todas las dependencias del GCABA la infraestructura Inform\u00e1tica, de telecomunicaciones y de los sistemas de informaci\u00f3n para todos los organismos y dependencias del GCABA, dotando a la ciudad de un plan autosuficiente, razonable y coordinado de Modernizaci\u00f3n. Para el 2014, adelant\u00f3 que tiene el objetivo de &quot;trabajar fuertemente en cuatro \u00e1reas: Infraestructura, Redes, Desarrollo y Mantenimiento. S\u00f3lo a modo de ejemplo, entre los proyectos m\u00e1s significativos que desarrollaremos se encuentra Plataforma Mobile, Modernizaci\u00f3n Teatro Col\u00f3n, Pago Electr\u00f3nico, Nueva plataforma de Turnos, Tarjeta \u201cEN TODO ESTAS VOS\u201d, Seguridad Inform\u00e1tica, entre otros&quot;, concluy\u00f3.<br \/>\nLa reuni\u00f3n comenz\u00f3 a las 15.15 horas en la Biblioteca &quot;Esteban Echeverr\u00eda&quot; y concluy\u00f3 a las 18.10 horas. El encuentro fue presidido por el Diputado Rogelio Frigerio (PRO), titular de la Comisi\u00f3n de Presupuesto, y participaron los Diputados\/as Juan Pablo Arenaza (BpU), \u00a0Fernando de Andreis, Jorge Garayalde, Alejandro Garc\u00eda, Oscar Moscariello, Bruno Screnci Silva, Mart\u00edn Ocampo y Karina Spalla (PRO), Roc\u00edo S\u00e1nchez And\u00eda (CC) y \u00a0Alejandro Amor (FpV), integrantes de la Comisi\u00f3n de Presupuesto y Hacienda. Tambi\u00e9n estuvieron presentes Raquel Herrero, Marta Varela, L\u00eda Rueda, Diana Mart\u00ednez Barrios, Jos\u00e9 Luis Acevedo, Enzo Pagani, Francisco Quintana, Daniel Lipovetzky y Victoria Morales Gorleri (PRO), Gabriela Alegre (FpV), Virginia Gonz\u00e1lez Gass (PSur), Laura Garc\u00eda Tu\u00f1\u00f3n (BApT), Claudia Neira (BsAs 20\/21) y Alejandro Bodart (MST).<br \/>\n\u00a0<br \/>\nPr\u00f3xima reuni\u00f3n, ma\u00f1ana jueves a las 15 horas<br \/>\nSer\u00e1 el turno del Ministerio de Ambiente y Espacio P\u00fablico para el tratamiento del proyecto de Presupuesto 2014 enviado por el Poder Ejecutivo, que propone la asignaci\u00f3n de $7.992 millones para el \u00e1rea.<\/p>\n","protected":false},"excerpt":{"rendered":"<p>\u00a0 La Comisi\u00f3n de Presupuesto de la Legislatura porte\u00f1a recibi\u00f3 esta tarde al ministro de Modernizaci\u00f3n del Gobierno porte\u00f1o, Andr\u00e9s Ibarra en el marco de la ronda de reuniones a las que asisten los responsables de todas las \u00e1reas del Gobierno de la Ciudad para el debate del Presupuesto 2014. El proyecto de ley de [&hellip;]<\/p>\n","protected":false},"author":2,"featured_media":21575,"comment_status":"open","ping_status":"open","sticky":false,"template":"","format":"standard","meta":{"_et_pb_use_builder":"","_et_pb_old_content":"","_et_gb_content_width":"","footnotes":""},"categories":[11,44],"tags":[],"class_list":["post-21574","post","type-post","status-publish","format-standard","has-post-thumbnail","hentry","category-ciudad","category-funcionarios-de-la-caba"],"_links":{"self":[{"href":"https:\/\/vocesdebaires.com.ar\/index.php\/wp-json\/wp\/v2\/posts\/21574"}],"collection":[{"href":"https:\/\/vocesdebaires.com.ar\/index.php\/wp-json\/wp\/v2\/posts"}],"about":[{"href":"https:\/\/vocesdebaires.com.ar\/index.php\/wp-json\/wp\/v2\/types\/post"}],"author":[{"embeddable":true,"href":"https:\/\/vocesdebaires.com.ar\/index.php\/wp-json\/wp\/v2\/users\/2"}],"replies":[{"embeddable":true,"href":"https:\/\/vocesdebaires.com.ar\/index.php\/wp-json\/wp\/v2\/comments?post=21574"}],"version-history":[{"count":0,"href":"https:\/\/vocesdebaires.com.ar\/index.php\/wp-json\/wp\/v2\/posts\/21574\/revisions"}],"wp:featuredmedia":[{"embeddable":true,"href":"https:\/\/vocesdebaires.com.ar\/index.php\/wp-json\/wp\/v2\/media\/21575"}],"wp:attachment":[{"href":"https:\/\/vocesdebaires.com.ar\/index.php\/wp-json\/wp\/v2\/media?parent=21574"}],"wp:term":[{"taxonomy":"category","embeddable":true,"href":"https:\/\/vocesdebaires.com.ar\/index.php\/wp-json\/wp\/v2\/categories?post=21574"},{"taxonomy":"post_tag","embeddable":true,"href":"https:\/\/vocesdebaires.com.ar\/index.php\/wp-json\/wp\/v2\/tags?post=21574"}],"curies":[{"name":"wp","href":"https:\/\/api.w.org\/{rel}","templated":true}]}}