{"id":2164,"date":"2020-03-31T14:38:25","date_gmt":"2020-03-31T17:38:25","guid":{"rendered":"http:\/\/vocesdebaires.com.ar\/wordpress\/index.php\/2020\/03\/31\/ciudad-trasladaran-gente-mayores-que-viven-en-villas\/"},"modified":"2020-03-31T14:38:25","modified_gmt":"2020-03-31T17:38:25","slug":"ciudad-trasladaran-gente-mayores-que-viven-en-villas","status":"publish","type":"post","link":"https:\/\/vocesdebaires.com.ar\/index.php\/2020\/03\/31\/ciudad-trasladaran-gente-mayores-que-viven-en-villas\/","title":{"rendered":"Ciudad: trasladaran , gente mayores que viven en villas"},"content":{"rendered":"<p>Durante todo el fin de semana, en la sede del gobierno porte\u00f1o hubo reuniones para definir los detalles. Todav\u00eda faltan algunos, pero el anuncio no demorar\u00e1 de esta semana. El Gobierno de la Ciudad eval\u00faa un plan innovador para poder resguardar a los mayores de 70 a\u00f1os que viven en villas de emergencia y barrios populares, el sector de la poblaci\u00f3n m\u00e1s vulnerable por la pandemia del coronavirus. Las primeras proyecciones, seg\u00fan Infobae, hablan de unas 4700 personas movilizadas. Son cifras provisorias, como todo en esta crisis sanitaria. \u201cLa idea es invitarlos a trasladarse, de ninguna manera ser\u00e1 compulsivo\u201d, aclaran.<\/p>\n<p>Durante esta semana terminar\u00e1n de definirse los detalles del plan. Los funcionarios se est\u00e1n reuniendo con organizaciones sociales y barriales, y con referentes de las villas de emergencia para explicar los riesgos que corren los adultos mayores. En esos encuentros se escuchan sugerencias, especialmente en el plano log\u00edstico. El plan apunta a los barrios de emergencia que se encuentran en la zona sur de la Ciudad y a las villas miserias. \u201cEl objetivo es acompa\u00f1arlos en lugares especiales mientras pase lo peor de esta pandemia\u201d, explicaron las fuentes consultadas.<\/p>\n<p>En el armado de este anuncio trabajan activamente funcionarios del ministerio de Salud y de Desarrollo Humano. Esa cartera, a cargo de Mar\u00eda Migliore, tambi\u00e9n estuvo trabajando en los \u00faltimos d\u00edas para alojar a las personas en situaci\u00f3n de calle. Finalmente se abrieron siete paradores para sumar 780 plazas disponibles. \u201cDesde su apertura, 470 personas ingresaron y ya cuentan con cama, duchas, comida y contenci\u00f3n de equipos profesionales\u201d, consign\u00f3 esa cartera en el \u00faltimo reporte. Tambi\u00e9n se ampli\u00f3 el horario de atenci\u00f3n y apertura de los centros que funcionan todo el a\u00f1o, y se fortalecieron los equipos del programa Buenos Aires Presente (l\u00ednea de atenci\u00f3n social 108) para derivar casos sospechosos. Si se toma en cuenta s\u00f3lo a los adultos mayores de 70 a\u00f1os, se calcula que la Ciudad podr\u00eda recibir unas 4700 personas, m\u00e1s del doble de las que se alojaron en hoteles por los vuelos de repatriaci\u00f3n. En esos casos, el aislamiento es obligatorio.<\/p>\n<p>Aunque hubo quejas puntuales en algunos de los hoteles por la falta de contacto con los m\u00e9dicos y los coordinadores, ese plan permiti\u00f3 aislar a m\u00e1s de 2 mil personas que tienen domicilio en la Ciudad. El resto de los que volvieron en los vuelos de repatriaci\u00f3n de Aerol\u00edneas Argentinas, llamativamente, pudieron volver a sus casas por sus propios medios. Incluso en aviones de cabotaje. Tras suspender los vuelos internacionales, el Gobierno nacional ahora analiza un nuevo m\u00e9todo para seguir repatriando a los m\u00e1s de 10 mil argentinos que quedan varados alrededor del mundo. Los mayores que viven en las zonas de emergencia de la Ciudad ser\u00e1n invitados a alojarse en lugares especiales. Por estas horas se est\u00e1n definiendo las locaciones. Entre las opciones que se bajaran hay hoteles y clubes de barrio.<\/p>\n<p>En el gobierno porte\u00f1o tambi\u00e9n se trabaja contrarreloj para capacitar y organizar a decenas de voluntarios que deber\u00e1n asumir la dif\u00edcil tarea de acompa\u00f1ar a los adultos mayores durante su aislamiento. En su discurso a todo el pa\u00eds, el presidente Alberto Fern\u00e1ndez se refiri\u00f3 a los adultos mayores que viven en villas y barrios humildes. \u201cEl riesgo tambi\u00e9n existe en los barrios humildes\u201d, destac\u00f3. El tema ya lo hab\u00eda abordado la semana pasada en el encuentro con los curas villeros, que ya habilitaron las parroquias, tanto en Capital como en el Conurbano, para aquellos que no pueden cumplir el aislamiento en sus casas por problemas de hacinamiento.<\/p>\n","protected":false},"excerpt":{"rendered":"<p>Durante todo el fin de semana, en la sede del gobierno porte\u00f1o hubo reuniones para definir los detalles. Todav\u00eda faltan algunos, pero el anuncio no demorar\u00e1 de esta semana. El Gobierno de la Ciudad eval\u00faa un plan innovador para poder resguardar a los mayores de 70 a\u00f1os que viven en villas de emergencia y barrios [&hellip;]<\/p>\n","protected":false},"author":1,"featured_media":2165,"comment_status":"open","ping_status":"open","sticky":false,"template":"","format":"standard","meta":{"_et_pb_use_builder":"","_et_pb_old_content":"","_et_gb_content_width":"","footnotes":""},"categories":[11,32],"tags":[],"class_list":["post-2164","post","type-post","status-publish","format-standard","has-post-thumbnail","hentry","category-ciudad","category-comunas"],"_links":{"self":[{"href":"https:\/\/vocesdebaires.com.ar\/index.php\/wp-json\/wp\/v2\/posts\/2164"}],"collection":[{"href":"https:\/\/vocesdebaires.com.ar\/index.php\/wp-json\/wp\/v2\/posts"}],"about":[{"href":"https:\/\/vocesdebaires.com.ar\/index.php\/wp-json\/wp\/v2\/types\/post"}],"author":[{"embeddable":true,"href":"https:\/\/vocesdebaires.com.ar\/index.php\/wp-json\/wp\/v2\/users\/1"}],"replies":[{"embeddable":true,"href":"https:\/\/vocesdebaires.com.ar\/index.php\/wp-json\/wp\/v2\/comments?post=2164"}],"version-history":[{"count":0,"href":"https:\/\/vocesdebaires.com.ar\/index.php\/wp-json\/wp\/v2\/posts\/2164\/revisions"}],"wp:featuredmedia":[{"embeddable":true,"href":"https:\/\/vocesdebaires.com.ar\/index.php\/wp-json\/wp\/v2\/media\/2165"}],"wp:attachment":[{"href":"https:\/\/vocesdebaires.com.ar\/index.php\/wp-json\/wp\/v2\/media?parent=2164"}],"wp:term":[{"taxonomy":"category","embeddable":true,"href":"https:\/\/vocesdebaires.com.ar\/index.php\/wp-json\/wp\/v2\/categories?post=2164"},{"taxonomy":"post_tag","embeddable":true,"href":"https:\/\/vocesdebaires.com.ar\/index.php\/wp-json\/wp\/v2\/tags?post=2164"}],"curies":[{"name":"wp","href":"https:\/\/api.w.org\/{rel}","templated":true}]}}