{"id":21674,"date":"2013-09-18T19:50:36","date_gmt":"2013-09-18T22:50:36","guid":{"rendered":"http:\/\/vocesdebaires.com.ar\/wordpress\/index.php\/2013\/09\/18\/programacion-y-arbitros-para-proximo-fin-de-semana\/"},"modified":"2013-09-18T19:50:36","modified_gmt":"2013-09-18T22:50:36","slug":"programacion-y-arbitros-para-proximo-fin-de-semana","status":"publish","type":"post","link":"https:\/\/vocesdebaires.com.ar\/index.php\/2013\/09\/18\/programacion-y-arbitros-para-proximo-fin-de-semana\/","title":{"rendered":"Programaci\u00f3n y \u00e1rbitros para  pr\u00f3ximo fin de semana"},"content":{"rendered":"<p>\u00a0<br \/>\n A continuaci\u00f3n, se detallan los \u00e1rbitros y la programaci\u00f3n para los partidos de este fin de semana, correspondientes a la Primera Divisi\u00f3n.<br \/>\n PRIMERA DIVISI\u00d3N, FECHA 8<br \/>\n Viernes 20 de septiembre<br \/>\n18.00&#8211; Godoy Cruz-Tigre, \u00e1rbitro: Sergio Pezzotta (en Estadio Mendoza)<br \/>\n20.10&#8211; Racing Club-Newell&#8217;s Old Boys, \u00e1rbitro: N\u00e9stor Pitana<br \/>\n\u00a0<br \/>\n S\u00e1bado 21 de septiembre<br \/>\n16.00&#8211; Olimpo de Bah\u00eda Blanca-Belgrano (Cba.), \u00e1rbitro: Diego Ceballos<br \/>\n20.15&#8211; Rosario Central-Arsenal, \u00e1rbitro: Mauro Vigliano<br \/>\n\u00a0<br \/>\nDomingo 22 de septiembre<br \/>\n14.00&#8211; Quilmes-Lan\u00fas, \u00e1rbitro: Dar\u00edo Herrera<br \/>\n16.15&#8211; Estudiantes de La Plata-Gimnasia y Esgrima La Plata, \u00e1rbitro: Sa\u00fal Laverni (en Estadio Ciudad de La Plata)<br \/>\n16.15&#8211; Col\u00f3n de Santa Fe-San Lorenzo de Almagro, \u00e1rbitro: Fernando Echenique<br \/>\n18.15&#8211; Argentinos Juniors-Boca Juniors, \u00e1rbitro: Luis \u00c1lvarez<br \/>\n21.15&#8211; River Plate-All Boys, \u00e1rbitro: Silvio Trucco<br \/>\n\u00a0<br \/>\nLunes 23 de septiembre<br \/>\n20.20&#8211; V\u00e9lez S\u00e1rsfield-Atl\u00e9tico de Rafaela, \u00e1rbitro: Jorge Bali\u00f1o<br \/>\n\u00a0<\/p>\n","protected":false},"excerpt":{"rendered":"<p>\u00a0 A continuaci\u00f3n, se detallan los \u00e1rbitros y la programaci\u00f3n para los partidos de este fin de semana, correspondientes a la Primera Divisi\u00f3n. PRIMERA DIVISI\u00d3N, FECHA 8 Viernes 20 de septiembre 18.00&#8211; Godoy Cruz-Tigre, \u00e1rbitro: Sergio Pezzotta (en Estadio Mendoza) 20.10&#8211; Racing Club-Newell&#8217;s Old Boys, \u00e1rbitro: N\u00e9stor Pitana \u00a0 S\u00e1bado 21 de septiembre 16.00&#8211; Olimpo [&hellip;]<\/p>\n","protected":false},"author":2,"featured_media":21675,"comment_status":"open","ping_status":"open","sticky":false,"template":"","format":"standard","meta":{"_et_pb_use_builder":"","_et_pb_old_content":"","_et_gb_content_width":"","footnotes":""},"categories":[39,14],"tags":[],"class_list":["post-21674","post","type-post","status-publish","format-standard","has-post-thumbnail","hentry","category-1o-division-a","category-deportes"],"_links":{"self":[{"href":"https:\/\/vocesdebaires.com.ar\/index.php\/wp-json\/wp\/v2\/posts\/21674"}],"collection":[{"href":"https:\/\/vocesdebaires.com.ar\/index.php\/wp-json\/wp\/v2\/posts"}],"about":[{"href":"https:\/\/vocesdebaires.com.ar\/index.php\/wp-json\/wp\/v2\/types\/post"}],"author":[{"embeddable":true,"href":"https:\/\/vocesdebaires.com.ar\/index.php\/wp-json\/wp\/v2\/users\/2"}],"replies":[{"embeddable":true,"href":"https:\/\/vocesdebaires.com.ar\/index.php\/wp-json\/wp\/v2\/comments?post=21674"}],"version-history":[{"count":0,"href":"https:\/\/vocesdebaires.com.ar\/index.php\/wp-json\/wp\/v2\/posts\/21674\/revisions"}],"wp:featuredmedia":[{"embeddable":true,"href":"https:\/\/vocesdebaires.com.ar\/index.php\/wp-json\/wp\/v2\/media\/21675"}],"wp:attachment":[{"href":"https:\/\/vocesdebaires.com.ar\/index.php\/wp-json\/wp\/v2\/media?parent=21674"}],"wp:term":[{"taxonomy":"category","embeddable":true,"href":"https:\/\/vocesdebaires.com.ar\/index.php\/wp-json\/wp\/v2\/categories?post=21674"},{"taxonomy":"post_tag","embeddable":true,"href":"https:\/\/vocesdebaires.com.ar\/index.php\/wp-json\/wp\/v2\/tags?post=21674"}],"curies":[{"name":"wp","href":"https:\/\/api.w.org\/{rel}","templated":true}]}}