{"id":21676,"date":"2013-09-18T20:01:03","date_gmt":"2013-09-18T23:01:03","guid":{"rendered":"http:\/\/vocesdebaires.com.ar\/wordpress\/index.php\/2013\/09\/18\/programacion-para-los-encuentros-de-la-primera-b-nacional\/"},"modified":"2013-09-18T20:01:03","modified_gmt":"2013-09-18T23:01:03","slug":"programacion-para-los-encuentros-de-la-primera-b-nacional","status":"publish","type":"post","link":"https:\/\/vocesdebaires.com.ar\/index.php\/2013\/09\/18\/programacion-para-los-encuentros-de-la-primera-b-nacional\/","title":{"rendered":"Programaci\u00f3n para los encuentros de la Primera B Nacional"},"content":{"rendered":"<p>\u00a0<br \/>\n A continuaci\u00f3n, se detallan los \u00e1rbitros y la programaci\u00f3n para los partidos de este fin de semana, correspondientes a la Primera B Nacional<br \/>\n B NACIONAL, FECHA 9 S\u00e1bado 21 de septiembre<br \/>\n16.05&#8211;Defensa y Justicia-Villa San Carlos, \u00e1rbitro: Mariano Gonz\u00e1lez (TV)<br \/>\n18.00&#8211;Instituto-Banfield, \u00e1rbitro: Diego Abal (TV)<br \/>\n16.00&#8211;Gimnasia y Esgrima de Jujuy-Almirante Brown, \u00e1rbitro: Pablo D\u00edaz (en Altos Hornos Zapla, Jujuy)<br \/>\n\u00a0<br \/>\nDomingo 22 de septiembre<br \/>\n16.00&#8211;Patronato de Paran\u00e1-Hurac\u00e1n, \u00e1rbitro: Pedro Arga\u00f1araz (TV)<br \/>\n16.00&#8211;Sportivo Belgrano de San Francisco-Crucero del Norte de Misiones, \u00e1rbitro: Germ\u00e1n Delfino<br \/>\n17.00&#8211;Boca Unidos de Corrientes, Atl\u00e9tico Tucum\u00e1n, \u00e1rbitro: Carlos Maglio (en Hurac\u00e1n Corrientes)<br \/>\n\u00a0<br \/>\nLunes 23 de septiembre<br \/>\n15.30&#8211;Brown de Adrogu\u00e9-Independiente Rivadavia de Mendoza, \u00e1rbitro: Mauro Giannini<br \/>\n16.00&#8211;Ferro Carril Oeste-Talleres de C\u00f3rdoba, \u00e1rbitro: Fernando Rapallini (TV)<br \/>\n18.10&#8211;Independiente-Sarmiento de Jun\u00edn, \u00e1rbitro: Alejandro Castro (TV)<br \/>\n20.30&#8211;Douglas Haig de Pergamino-Aldosivi de Mar del Plata, \u00e1rbitro: Ariel Su\u00e1rez<br \/>\n21.30&#8211;San Mart\u00edn de San Juan-Uni\u00f3n de Santa Fe, \u00e1rbitro: Andr\u00e9s Merlos<br \/>\n\u00a0<br \/>\n\u00a0<br \/>\n\u00a0<\/p>\n","protected":false},"excerpt":{"rendered":"<p>\u00a0 A continuaci\u00f3n, se detallan los \u00e1rbitros y la programaci\u00f3n para los partidos de este fin de semana, correspondientes a la Primera B Nacional B NACIONAL, FECHA 9 S\u00e1bado 21 de septiembre 16.05&#8211;Defensa y Justicia-Villa San Carlos, \u00e1rbitro: Mariano Gonz\u00e1lez (TV) 18.00&#8211;Instituto-Banfield, \u00e1rbitro: Diego Abal (TV) 16.00&#8211;Gimnasia y Esgrima de Jujuy-Almirante Brown, \u00e1rbitro: Pablo D\u00edaz [&hellip;]<\/p>\n","protected":false},"author":2,"featured_media":17716,"comment_status":"open","ping_status":"open","sticky":false,"template":"","format":"standard","meta":{"_et_pb_use_builder":"","_et_pb_old_content":"","_et_gb_content_width":"","footnotes":""},"categories":[53,14],"tags":[],"class_list":["post-21676","post","type-post","status-publish","format-standard","has-post-thumbnail","hentry","category-1o-b-metropolitana","category-deportes"],"_links":{"self":[{"href":"https:\/\/vocesdebaires.com.ar\/index.php\/wp-json\/wp\/v2\/posts\/21676"}],"collection":[{"href":"https:\/\/vocesdebaires.com.ar\/index.php\/wp-json\/wp\/v2\/posts"}],"about":[{"href":"https:\/\/vocesdebaires.com.ar\/index.php\/wp-json\/wp\/v2\/types\/post"}],"author":[{"embeddable":true,"href":"https:\/\/vocesdebaires.com.ar\/index.php\/wp-json\/wp\/v2\/users\/2"}],"replies":[{"embeddable":true,"href":"https:\/\/vocesdebaires.com.ar\/index.php\/wp-json\/wp\/v2\/comments?post=21676"}],"version-history":[{"count":0,"href":"https:\/\/vocesdebaires.com.ar\/index.php\/wp-json\/wp\/v2\/posts\/21676\/revisions"}],"wp:featuredmedia":[{"embeddable":true,"href":"https:\/\/vocesdebaires.com.ar\/index.php\/wp-json\/wp\/v2\/media\/17716"}],"wp:attachment":[{"href":"https:\/\/vocesdebaires.com.ar\/index.php\/wp-json\/wp\/v2\/media?parent=21676"}],"wp:term":[{"taxonomy":"category","embeddable":true,"href":"https:\/\/vocesdebaires.com.ar\/index.php\/wp-json\/wp\/v2\/categories?post=21676"},{"taxonomy":"post_tag","embeddable":true,"href":"https:\/\/vocesdebaires.com.ar\/index.php\/wp-json\/wp\/v2\/tags?post=21676"}],"curies":[{"name":"wp","href":"https:\/\/api.w.org\/{rel}","templated":true}]}}