{"id":2171,"date":"2020-03-30T03:00:00","date_gmt":"2020-03-30T06:00:00","guid":{"rendered":"http:\/\/vocesdebaires.com.ar\/wordpress\/index.php\/2020\/03\/30\/policia-ciudad-salvo-a-nena-durante-un-control\/"},"modified":"2020-03-30T03:00:00","modified_gmt":"2020-03-30T06:00:00","slug":"policia-ciudad-salvo-a-nena-durante-un-control","status":"publish","type":"post","link":"https:\/\/vocesdebaires.com.ar\/index.php\/2020\/03\/30\/policia-ciudad-salvo-a-nena-durante-un-control\/","title":{"rendered":"Polic\u00eda Ciudad: Salv\u00f3 a nena durante un control"},"content":{"rendered":"<p>Santilli y D\u2019Alessandro se encontraron con el oficial h\u00e9roe en la recorrida que ambos hicieron ayer en el cruce de la Avenida General Paz y San Mart\u00edn, en uno de los controles para certificar que se acata el aislamiento decretado por el Gobierno Nacional para evitar la propagaci\u00f3n del Coronavirus.\u201cCon el Secretario de Seguridad estamos recorriendo y controlando los accesos a la Ciudad. Nos toc\u00f3 ver a uno de los hombres que asisti\u00f3 y salv\u00f3 al beb\u00e9 que hab\u00eda ingerido shampoo. La idea es acompa\u00f1arlos y estar con nuestros hombres, cumplir con lo que tenemos que cumplir\u201d, expres\u00f3 Santilli, quien remarc\u00f3 que \u201cla mejor manera de evitar que el virus se propague es quedarse en casa\u201d.<\/p>\n<p>Durante la recorrida, Santilli destac\u00f3 el trabajo de la Polic\u00eda de la Ciudad en todos los accesos a la Ciudad y sostuvo que como la \u201ctransitabilidad con la provincia de Buenos Aires es esencial se cerraron los peque\u00f1os cruces para poder controlar mejor\u201d, dejando activos los principales puntos de circulaci\u00f3n. \u00abEl mi\u00e9rcoles hubo m\u00e1s gente de la que ten\u00eda que haber en la calle, pero ya jueves y viernes se not\u00f3 la merma: hubo un 98 por ciento menos de usuarios en subte, 96 por ciento menos en tren y 90 en colectivos\u201d, subray\u00f3 el funcionario, que adem\u00e1s inform\u00f3 que la Polic\u00eda de la Ciudad detuvo desde que arranc\u00f3 la cuarentena a un total de 313 personas y demor\u00f3 a 2002.<\/p>\n<p>Elogi\u00f3, asimismo, el trabajo conjunto con Naci\u00f3n y Provincia y remarc\u00f3 el nuevo sistema de \u201cpermisos unificados para la gente con trabajos esenciales pueda circular mejor en la calle\u201d, el cual diferencia a aquellos que trabajan para tratar la epidemia de aquellos que salen a la calle por cuestiones eventuales. \u00abEl objetivo de la cuarentena es que el virus no se propague y que crezca por debajo de la curva, as\u00ed todo el sistema de salud puede contenerlo. Los resultados son positivos y hay un gran cumplimiento al aislamiento por parte de la poblaci\u00f3n\u201d, agreg\u00f3.<\/p>\n<p>Por su parte, D\u2019Alessandro enfatiz\u00f3 la importancia de que la gente \u201cse quede en casa\u201d para evitar la circulaci\u00f3n social del virus\u201d y sostuvo que \u201cdesde el comienzo de la cuarentena 2002 personas fueron puestas a disposici\u00f3n de la Justicia y 97 autos fueron secuestrados por violar el aislamiento.\u00bb No son medidas f\u00e1ciles pero necesitamos que se cumpla con la cuarentena. Por eso la Polic\u00eda de la Ciudad est\u00e1 llevando adelante todo este despliegue de controles. Tenemos un alto acatamiento pero es importante remarcar que todos los que no cumplan con el aislamiento ser\u00e1n puestos a disposici\u00f3n de la Justicia\u201d, finaliz\u00f3. <a><\/a><\/p>\n","protected":false},"excerpt":{"rendered":"<p>Santilli y D\u2019Alessandro se encontraron con el oficial h\u00e9roe en la recorrida que ambos hicieron ayer en el cruce de la Avenida General Paz y San Mart\u00edn, en uno de los controles para certificar que se acata el aislamiento decretado por el Gobierno Nacional para evitar la propagaci\u00f3n del Coronavirus.\u201cCon el Secretario de Seguridad estamos [&hellip;]<\/p>\n","protected":false},"author":1,"featured_media":2172,"comment_status":"open","ping_status":"open","sticky":false,"template":"","format":"standard","meta":{"_et_pb_use_builder":"","_et_pb_old_content":"","_et_gb_content_width":"","footnotes":""},"categories":[11,32],"tags":[],"class_list":["post-2171","post","type-post","status-publish","format-standard","has-post-thumbnail","hentry","category-ciudad","category-comunas"],"_links":{"self":[{"href":"https:\/\/vocesdebaires.com.ar\/index.php\/wp-json\/wp\/v2\/posts\/2171"}],"collection":[{"href":"https:\/\/vocesdebaires.com.ar\/index.php\/wp-json\/wp\/v2\/posts"}],"about":[{"href":"https:\/\/vocesdebaires.com.ar\/index.php\/wp-json\/wp\/v2\/types\/post"}],"author":[{"embeddable":true,"href":"https:\/\/vocesdebaires.com.ar\/index.php\/wp-json\/wp\/v2\/users\/1"}],"replies":[{"embeddable":true,"href":"https:\/\/vocesdebaires.com.ar\/index.php\/wp-json\/wp\/v2\/comments?post=2171"}],"version-history":[{"count":0,"href":"https:\/\/vocesdebaires.com.ar\/index.php\/wp-json\/wp\/v2\/posts\/2171\/revisions"}],"wp:featuredmedia":[{"embeddable":true,"href":"https:\/\/vocesdebaires.com.ar\/index.php\/wp-json\/wp\/v2\/media\/2172"}],"wp:attachment":[{"href":"https:\/\/vocesdebaires.com.ar\/index.php\/wp-json\/wp\/v2\/media?parent=2171"}],"wp:term":[{"taxonomy":"category","embeddable":true,"href":"https:\/\/vocesdebaires.com.ar\/index.php\/wp-json\/wp\/v2\/categories?post=2171"},{"taxonomy":"post_tag","embeddable":true,"href":"https:\/\/vocesdebaires.com.ar\/index.php\/wp-json\/wp\/v2\/tags?post=2171"}],"curies":[{"name":"wp","href":"https:\/\/api.w.org\/{rel}","templated":true}]}}