{"id":2173,"date":"2020-03-30T03:00:00","date_gmt":"2020-03-30T06:00:00","guid":{"rendered":"http:\/\/vocesdebaires.com.ar\/wordpress\/index.php\/2020\/03\/30\/detuvieron-un-hombre-que-violo-la-cuarentena\/"},"modified":"2020-03-30T03:00:00","modified_gmt":"2020-03-30T06:00:00","slug":"detuvieron-un-hombre-que-violo-la-cuarentena","status":"publish","type":"post","link":"https:\/\/vocesdebaires.com.ar\/index.php\/2020\/03\/30\/detuvieron-un-hombre-que-violo-la-cuarentena\/","title":{"rendered":"Detuvieron un hombre que viol\u00f3 la cuarentena"},"content":{"rendered":"<p>El hecho ocurri\u00f3 el pasado s\u00e1bado cuando personal de la Comisar\u00eda Vecinal 1A intercept\u00f3 al sospechoso mientras caminaba por el cruce de las calles 5 y 8 para identificarlo, ya que estaba incumpliendo con el aislamiento social dispuesto por el gobierno nacional para evitar la propagaci\u00f3n del coronavirus.Ante esta situaci\u00f3n, el imputado se torn\u00f3 agresivo y comenz\u00f3 a golpear al oficial, con el objetivo de soltarse y darse a la fuga. Finalmente, el hombre fue reducido y trasladado a la Alcaid\u00eda 1 Bis.El efectivo, en tanto, fue derivado al hospital Fern\u00e1ndez y luego dado de alta por una herida en el brazo derecho, ocurrida cuando cay\u00f3 al asfalto durante el forcejeo. En la causa interviene el Juzgado Criminal y Correccional Federal N\u00ba9, quien dispuso el traslado del involucrado a la dependencia policial.<\/p>\n","protected":false},"excerpt":{"rendered":"<p>El hecho ocurri\u00f3 el pasado s\u00e1bado cuando personal de la Comisar\u00eda Vecinal 1A intercept\u00f3 al sospechoso mientras caminaba por el cruce de las calles 5 y 8 para identificarlo, ya que estaba incumpliendo con el aislamiento social dispuesto por el gobierno nacional para evitar la propagaci\u00f3n del coronavirus.Ante esta situaci\u00f3n, el imputado se torn\u00f3 agresivo [&hellip;]<\/p>\n","protected":false},"author":1,"featured_media":2174,"comment_status":"open","ping_status":"open","sticky":false,"template":"","format":"standard","meta":{"_et_pb_use_builder":"","_et_pb_old_content":"","_et_gb_content_width":"","footnotes":""},"categories":[11,32],"tags":[],"class_list":["post-2173","post","type-post","status-publish","format-standard","has-post-thumbnail","hentry","category-ciudad","category-comunas"],"_links":{"self":[{"href":"https:\/\/vocesdebaires.com.ar\/index.php\/wp-json\/wp\/v2\/posts\/2173"}],"collection":[{"href":"https:\/\/vocesdebaires.com.ar\/index.php\/wp-json\/wp\/v2\/posts"}],"about":[{"href":"https:\/\/vocesdebaires.com.ar\/index.php\/wp-json\/wp\/v2\/types\/post"}],"author":[{"embeddable":true,"href":"https:\/\/vocesdebaires.com.ar\/index.php\/wp-json\/wp\/v2\/users\/1"}],"replies":[{"embeddable":true,"href":"https:\/\/vocesdebaires.com.ar\/index.php\/wp-json\/wp\/v2\/comments?post=2173"}],"version-history":[{"count":0,"href":"https:\/\/vocesdebaires.com.ar\/index.php\/wp-json\/wp\/v2\/posts\/2173\/revisions"}],"wp:featuredmedia":[{"embeddable":true,"href":"https:\/\/vocesdebaires.com.ar\/index.php\/wp-json\/wp\/v2\/media\/2174"}],"wp:attachment":[{"href":"https:\/\/vocesdebaires.com.ar\/index.php\/wp-json\/wp\/v2\/media?parent=2173"}],"wp:term":[{"taxonomy":"category","embeddable":true,"href":"https:\/\/vocesdebaires.com.ar\/index.php\/wp-json\/wp\/v2\/categories?post=2173"},{"taxonomy":"post_tag","embeddable":true,"href":"https:\/\/vocesdebaires.com.ar\/index.php\/wp-json\/wp\/v2\/tags?post=2173"}],"curies":[{"name":"wp","href":"https:\/\/api.w.org\/{rel}","templated":true}]}}