{"id":21748,"date":"2013-09-24T17:39:15","date_gmt":"2013-09-24T20:39:15","guid":{"rendered":"http:\/\/vocesdebaires.com.ar\/wordpress\/index.php\/2013\/09\/24\/velez-armo-un-festival-de-goles\/"},"modified":"2013-09-24T17:39:15","modified_gmt":"2013-09-24T20:39:15","slug":"velez-armo-un-festival-de-goles","status":"publish","type":"post","link":"https:\/\/vocesdebaires.com.ar\/index.php\/2013\/09\/24\/velez-armo-un-festival-de-goles\/","title":{"rendered":"V\u00e9lez arm\u00f3 un festival de goles"},"content":{"rendered":"<p>&lt;div&gt; V\u00e9lez redonde\u00f3 una semana ideal. Al triunfo como visitante ante La Equidad por la Copa Sudamericana le agreg\u00f3 anoche, en Liniers, un categ\u00f3rico 4-1 sobre Atl\u00e9tico de Rafaela que le permite ilusionarse otra vez con meterse en la pelea en el Inicial. Lucas Pratto, a los 21 minutos, y Fabi\u00e1n Cubero, de cabeza a los 29, adelantaron al local en el primer tiempo. El Fort\u00edn de Ricardo Gareca ampli\u00f3 su ventaja en el complemento, a los 16, con un tanto de Mauro Z\u00e1rate, a quien Esteban Conde le hab\u00eda contenido un penal en el cierre del primer cap\u00edtulo, y a los 46 con una conquista de Leandro Des\u00e1bato. Federico Gonz\u00e1lez, reemplazante de Cristian Canuh\u00e9, marc\u00f3 el descuento para el conjunto de Jorge Burruchaga a los 18 de la \u00faltima mitad.&lt;\/div&gt;<br \/>\n&lt;div&gt;V\u00e9lez fue muy superior. Pas\u00f3 por encima a al conjunto santafesino, comprometido con el promedio, para lograr un triunfo importante en lo an\u00edmico, ya que qued\u00f3 a cinco puntos del l\u00edder, Newell\u2019s.&lt;\/div&gt;<br \/>\n&lt;\/div&gt;<\/p>\n","protected":false},"excerpt":{"rendered":"<p>&lt;div&gt; V\u00e9lez redonde\u00f3 una semana ideal. Al triunfo como visitante ante La Equidad por la Copa Sudamericana le agreg\u00f3 anoche, en Liniers, un categ\u00f3rico 4-1 sobre Atl\u00e9tico de Rafaela que le permite ilusionarse otra vez con meterse en la pelea en el Inicial. Lucas Pratto, a los 21 minutos, y Fabi\u00e1n Cubero, de cabeza a [&hellip;]<\/p>\n","protected":false},"author":2,"featured_media":0,"comment_status":"open","ping_status":"open","sticky":false,"template":"","format":"standard","meta":{"_et_pb_use_builder":"","_et_pb_old_content":"","_et_gb_content_width":"","footnotes":""},"categories":[39,14],"tags":[],"class_list":["post-21748","post","type-post","status-publish","format-standard","hentry","category-1o-division-a","category-deportes"],"_links":{"self":[{"href":"https:\/\/vocesdebaires.com.ar\/index.php\/wp-json\/wp\/v2\/posts\/21748"}],"collection":[{"href":"https:\/\/vocesdebaires.com.ar\/index.php\/wp-json\/wp\/v2\/posts"}],"about":[{"href":"https:\/\/vocesdebaires.com.ar\/index.php\/wp-json\/wp\/v2\/types\/post"}],"author":[{"embeddable":true,"href":"https:\/\/vocesdebaires.com.ar\/index.php\/wp-json\/wp\/v2\/users\/2"}],"replies":[{"embeddable":true,"href":"https:\/\/vocesdebaires.com.ar\/index.php\/wp-json\/wp\/v2\/comments?post=21748"}],"version-history":[{"count":0,"href":"https:\/\/vocesdebaires.com.ar\/index.php\/wp-json\/wp\/v2\/posts\/21748\/revisions"}],"wp:attachment":[{"href":"https:\/\/vocesdebaires.com.ar\/index.php\/wp-json\/wp\/v2\/media?parent=21748"}],"wp:term":[{"taxonomy":"category","embeddable":true,"href":"https:\/\/vocesdebaires.com.ar\/index.php\/wp-json\/wp\/v2\/categories?post=21748"},{"taxonomy":"post_tag","embeddable":true,"href":"https:\/\/vocesdebaires.com.ar\/index.php\/wp-json\/wp\/v2\/tags?post=21748"}],"curies":[{"name":"wp","href":"https:\/\/api.w.org\/{rel}","templated":true}]}}