{"id":21749,"date":"2013-09-24T17:47:18","date_gmt":"2013-09-24T20:47:18","guid":{"rendered":"http:\/\/vocesdebaires.com.ar\/wordpress\/index.php\/2013\/09\/24\/aparecio-parra-y-gano-el-rojo\/"},"modified":"2013-09-24T17:47:18","modified_gmt":"2013-09-24T20:47:18","slug":"aparecio-parra-y-gano-el-rojo","status":"publish","type":"post","link":"https:\/\/vocesdebaires.com.ar\/index.php\/2013\/09\/24\/aparecio-parra-y-gano-el-rojo\/","title":{"rendered":"Apareci\u00f3 Parra y gan\u00f3 el Rojo"},"content":{"rendered":"<p>\u00a0<br \/>\n Dicen que lo que cuesta, vale&#8230; Y vaya si vale el triunfo que logr\u00f3 ayer Independiente en el Libertadores de Am\u00e9rica. No s\u00f3lo porque signific\u00f3 la primera victoria del Rojo como local en la B Nacional. Tambi\u00e9n porque el 2-1 ante Sarmiento mostr\u00f3 que Omar De Felippe, adem\u00e1s de fortalecer los cimientos del Rojo, cuenta con un grupo de jugadores con amor propio para remontar un escenario adverso y superar sin concesiones a un rival de peso -los de Jun\u00edn juegan habitualmente bien y lindo-. Pero hay m\u00e1s. Independiente qued\u00f3 a dos puntos de las puestos de ascenso -lleg\u00f3 a las 13 unidades, dos menos que los terceros, Crucero del Norte y Atl\u00e9tico Tucum\u00e1n-, algo impensado unas semanas atr\u00e1s. Y, sobre todo, porque la primera alegr\u00eda en casa lleg\u00f3 de la mano de un doblete de Facundo Parra, el mes\u00edas ofensivo que hab\u00eda tra\u00eddo el club para apaciguar la falta de poder de fuego del equipo. \u00a1Parra qu\u00e9 te traje! Y eso que la tardecita hab\u00eda arrancado torcida en Avellaneda. Sarmiento mostraba con argumentos firmes por qu\u00e9 es un adversario para respetar al asfixiar el juego de Independiente. Para colmo, el elenco de Jun\u00edn se puso en ventaja a los 4 minutos con un cabezazo de Luis Garnier a la salida de una pelota parada. El 1-0 estaba m\u00e1s que justificado y la ventaja pudo haber sido mayor de no ser por los reflejos de Diego Rodr\u00edguez y la ayuda de los ca\u00f1os.<br \/>\nSin embargo, cuando los \u00e1nimos comenzaban a caldearse, el Rojo encontr\u00f3 el alivio con la primera aparici\u00f3n de Parra, un conocedor de la categor\u00eda por su paso en Chacarita, que salt\u00f3 m\u00e1s alto que todos y la mand\u00f3 al fondo del arco de Lucas Ischuk con un lindo cabezazo, tras un preciso tiro libre de Mat\u00edas Pisano. Faltaban seis minutos para el final del primer tiempo. Faltaba lo mejor. Es que el empate le hizo cambiar el aire al due\u00f1o de casa, que sali\u00f3 con las luces encendidas en el segundo tiempo. A los 8 minutos volvi\u00f3 a aparecer Parra, esta vez para empujar la pelota luego de un remate quir\u00fargico de Federico Mancuello que Ischuk alcanz\u00f3 a manotear, aunque con poca fortuna en el rebote. Ya arriba en el marcador, el equipo de De Felippe sigui\u00f3 buscando y pudo aumentar la diferencia. As\u00ed redonde\u00f3 su mejor actuaci\u00f3n en la temporada. Y, poco a poco, ahuyenta a los malditos fantasmas.<\/p>\n","protected":false},"excerpt":{"rendered":"<p>\u00a0 Dicen que lo que cuesta, vale&#8230; Y vaya si vale el triunfo que logr\u00f3 ayer Independiente en el Libertadores de Am\u00e9rica. No s\u00f3lo porque signific\u00f3 la primera victoria del Rojo como local en la B Nacional. Tambi\u00e9n porque el 2-1 ante Sarmiento mostr\u00f3 que Omar De Felippe, adem\u00e1s de fortalecer los cimientos del Rojo, [&hellip;]<\/p>\n","protected":false},"author":2,"featured_media":21750,"comment_status":"open","ping_status":"open","sticky":false,"template":"","format":"standard","meta":{"_et_pb_use_builder":"","_et_pb_old_content":"","_et_gb_content_width":"","footnotes":""},"categories":[47,14],"tags":[],"class_list":["post-21749","post","type-post","status-publish","format-standard","has-post-thumbnail","hentry","category-1o-division-b-nacional","category-deportes"],"_links":{"self":[{"href":"https:\/\/vocesdebaires.com.ar\/index.php\/wp-json\/wp\/v2\/posts\/21749"}],"collection":[{"href":"https:\/\/vocesdebaires.com.ar\/index.php\/wp-json\/wp\/v2\/posts"}],"about":[{"href":"https:\/\/vocesdebaires.com.ar\/index.php\/wp-json\/wp\/v2\/types\/post"}],"author":[{"embeddable":true,"href":"https:\/\/vocesdebaires.com.ar\/index.php\/wp-json\/wp\/v2\/users\/2"}],"replies":[{"embeddable":true,"href":"https:\/\/vocesdebaires.com.ar\/index.php\/wp-json\/wp\/v2\/comments?post=21749"}],"version-history":[{"count":0,"href":"https:\/\/vocesdebaires.com.ar\/index.php\/wp-json\/wp\/v2\/posts\/21749\/revisions"}],"wp:featuredmedia":[{"embeddable":true,"href":"https:\/\/vocesdebaires.com.ar\/index.php\/wp-json\/wp\/v2\/media\/21750"}],"wp:attachment":[{"href":"https:\/\/vocesdebaires.com.ar\/index.php\/wp-json\/wp\/v2\/media?parent=21749"}],"wp:term":[{"taxonomy":"category","embeddable":true,"href":"https:\/\/vocesdebaires.com.ar\/index.php\/wp-json\/wp\/v2\/categories?post=21749"},{"taxonomy":"post_tag","embeddable":true,"href":"https:\/\/vocesdebaires.com.ar\/index.php\/wp-json\/wp\/v2\/tags?post=21749"}],"curies":[{"name":"wp","href":"https:\/\/api.w.org\/{rel}","templated":true}]}}