{"id":21751,"date":"2013-09-24T18:05:02","date_gmt":"2013-09-24T21:05:02","guid":{"rendered":"http:\/\/vocesdebaires.com.ar\/wordpress\/index.php\/2013\/09\/24\/volverian-los-hinchas-visitantes\/"},"modified":"2013-09-24T18:05:02","modified_gmt":"2013-09-24T21:05:02","slug":"volverian-los-hinchas-visitantes","status":"publish","type":"post","link":"https:\/\/vocesdebaires.com.ar\/index.php\/2013\/09\/24\/volverian-los-hinchas-visitantes\/","title":{"rendered":"Volver\u00edan  los hinchas visitantes"},"content":{"rendered":"<p>\u00a0<br \/>\n La reuni\u00f3n que se realiza todos los martes en la Asociaci\u00f3n del F\u00fatbol Argentino podr\u00eda arrojar novedades con respecto a la vuelta de los hinchas visitantes a los estadios de Primera. \u201cEse es un tema que se va a tratar ma\u00f1ana (por hoy) en Comit\u00e9 Ejecutivo. Prefiero no hablar a t\u00edtulo personal, respetar\u00e9 lo que se resuelva en la reuni\u00f3n. Todo est\u00e1 en manos de los clubes\u201d, advirti\u00f3 Julio Grondona.<br \/>\nEl anuncio del presidente de AFA surgi\u00f3 un d\u00eda despu\u00e9s del debut del AFA Plus en el partido Col\u00f3n-San Lorenzo, cuyo sistema tiene el fin de controlar el ingreso del p\u00fablico a trav\u00e9s de huellas digitales. \u201cNo tengo conocimiento de c\u00f3mo funcion\u00f3. Tiene que haber salido bien, sino ya me hubiese enterado por los diarios o por la gente protestando\u201d, dedujo. El regreso de los visitantes podr\u00eda definirse justamente dos semanas antes de que se juegue el Supercl\u00e1sico. No sea cosa que se arrepientan&#8230; Adem\u00e1s, en el edificio de Viamonte al 1300 evaluar\u00e1n una posible rebaja en los costos de los operativos de seguridad para los partidos (mientras el p\u00fablico visitante siga ausente), como as\u00ed tambi\u00e9n un aumento del 20 por ciento en el precio de las entradas.<br \/>\n\u00a0<\/p>\n","protected":false},"excerpt":{"rendered":"<p>\u00a0 La reuni\u00f3n que se realiza todos los martes en la Asociaci\u00f3n del F\u00fatbol Argentino podr\u00eda arrojar novedades con respecto a la vuelta de los hinchas visitantes a los estadios de Primera. \u201cEse es un tema que se va a tratar ma\u00f1ana (por hoy) en Comit\u00e9 Ejecutivo. Prefiero no hablar a t\u00edtulo personal, respetar\u00e9 lo [&hellip;]<\/p>\n","protected":false},"author":2,"featured_media":21752,"comment_status":"open","ping_status":"open","sticky":false,"template":"","format":"standard","meta":{"_et_pb_use_builder":"","_et_pb_old_content":"","_et_gb_content_width":"","footnotes":""},"categories":[39,14],"tags":[],"class_list":["post-21751","post","type-post","status-publish","format-standard","has-post-thumbnail","hentry","category-1o-division-a","category-deportes"],"_links":{"self":[{"href":"https:\/\/vocesdebaires.com.ar\/index.php\/wp-json\/wp\/v2\/posts\/21751"}],"collection":[{"href":"https:\/\/vocesdebaires.com.ar\/index.php\/wp-json\/wp\/v2\/posts"}],"about":[{"href":"https:\/\/vocesdebaires.com.ar\/index.php\/wp-json\/wp\/v2\/types\/post"}],"author":[{"embeddable":true,"href":"https:\/\/vocesdebaires.com.ar\/index.php\/wp-json\/wp\/v2\/users\/2"}],"replies":[{"embeddable":true,"href":"https:\/\/vocesdebaires.com.ar\/index.php\/wp-json\/wp\/v2\/comments?post=21751"}],"version-history":[{"count":0,"href":"https:\/\/vocesdebaires.com.ar\/index.php\/wp-json\/wp\/v2\/posts\/21751\/revisions"}],"wp:featuredmedia":[{"embeddable":true,"href":"https:\/\/vocesdebaires.com.ar\/index.php\/wp-json\/wp\/v2\/media\/21752"}],"wp:attachment":[{"href":"https:\/\/vocesdebaires.com.ar\/index.php\/wp-json\/wp\/v2\/media?parent=21751"}],"wp:term":[{"taxonomy":"category","embeddable":true,"href":"https:\/\/vocesdebaires.com.ar\/index.php\/wp-json\/wp\/v2\/categories?post=21751"},{"taxonomy":"post_tag","embeddable":true,"href":"https:\/\/vocesdebaires.com.ar\/index.php\/wp-json\/wp\/v2\/tags?post=21751"}],"curies":[{"name":"wp","href":"https:\/\/api.w.org\/{rel}","templated":true}]}}